{"id":156684,"date":"2025-11-18T17:28:10","date_gmt":"2025-11-18T17:28:10","guid":{"rendered":"https:\/\/www.europesays.com\/pt\/156684\/"},"modified":"2025-11-18T17:28:10","modified_gmt":"2025-11-18T17:28:10","slug":"ouca-previsao-do-tempo-terca-feira-dia-18-de-novembro-de-2025-radio-nativa-fm-987","status":"publish","type":"post","link":"https:\/\/www.europesays.com\/pt\/156684\/","title":{"rendered":"Ou\u00e7a: Previs\u00e3o Do Tempo \u2013 Ter\u00e7a-Feira, dia 18 de novembro de 2025 &#8211; R\u00e1dio Nativa FM 98,7"},"content":{"rendered":"<ol>\n<li><a href=\"https:\/\/news.google.com\/rss\/articles\/CBMingFBVV95cUxOQVp3Qk41Y3BFZEF1YUd5T2lKTmJoX2RJYWdrN1pWZVZ5VzRNYWVWQkdueVRpNVBXd2ZJMmJPb3h3OTlNd1FZTDRydnN2RDJxeUZLaFFHS3I3WnJhczhlQzFRT3pJY0ctSV9jbEtpUnBzNlVqdlFwQnpBRUtsUkFnckRoNU9adDZLT1hfMy1OM0V6Z20tT3g1aXRwaEs1Zw?oc=5\" target=\"_blank\" rel=\"nofollow noopener\">Ou\u00e7a: Previs\u00e3o Do Tempo \u2013 Ter\u00e7a-Feira, dia 18 de novembro de 2025<\/a>&nbsp;&nbsp;R\u00e1dio Nativa FM 98,7<\/li>\n<li><a href=\"https:\/\/news.google.com\/rss\/articles\/CBMisAFBVV95cUxPZ3ROa3ltbmtoSDBtNGprLXNCbDB2TjVWWGtLeUFTWkc2d2RJTk5iTWFFblBCZGM2LUN1eDRDY25zaHc1d1dmNmI5RTBqWURzS0l0VUJQX0JiTUJYMXo0ZmZob3lBUFJVWkI1dFRhdEFlNDlFVUFrMjBRMzBMTWdQOGJOOGd4U29HYzBGRzh6NTlkcllJTzU0YVluX3NORVY2VEJxazdGeEpTSS1OdVRPbw?oc=5\" target=\"_blank\" rel=\"nofollow noopener\">DF tem alerta de temporal, com ventos de at\u00e9 60 km\/h; veja at\u00e9 quando<\/a>&nbsp;&nbsp;Metr\u00f3poles<\/li>\n<li><a href=\"https:\/\/news.google.com\/rss\/articles\/CBMikwFBVV95cUxON1VKVDgyOGZYeEk0VGw2UXZYWTNESHJ6S3ZkQTlhZDQ4N1NZMlJ6MVVyX1JNakVGbHlCLTBlQklUcUZuRE1BbFo5V0xVZi1OSkJzenVSWDJlNkdIcG5FYXBfYmpMUkN6OGJld25kc0hGVXlFR0ZWSHAxYWRCTlp5NXE3ZkxRekNQdUdKa3p3V2Z3WTA?oc=5\" target=\"_blank\" rel=\"nofollow noopener\">Temporais: confira a previs\u00e3o do tempo desta ter\u00e7a (18)<\/a>&nbsp;&nbsp;VEJA S\u00c3O PAULO<\/li>\n<li><a href=\"https:\/\/news.google.com\/rss\/articles\/CBMi1wFBVV95cUxOV1N5N1BSSF9qcnZMVkxtUDlnZG0tMnZJRGZ6aUV4X1ZFeUNGcHFWRm5Ldkd6cW9mRFY0VzU3X2pzZFJKb3JIN09lb085aThzUWJTWGQ4R3B5VjVFTjUtODdWOXlrTXN4cTVpWFVXZ3N1ajR2Z3RKc3d1dko5Y2JSVmRXZVZ3LUF2VUxiajRUTWlxVG1IbkNpQkkxelQwV3pndEh1Q1JYdjhxNjFuajJfMDVMNDc0YzBOZkNsZEtsZmNZX05WcmhDenhtZVBDNDZSSDBRek9za9IB3AFBVV95cUxPUlhiN2Z2OFR1MVJSMHZvTlNTVThuc0tnTFpkbDN0eTRISUNpeHRNVnFacUhTUE1adkZkTUQ3VWM5bEpGM2NmN29makprQkN5RjU0Z1ZIM0oxUjh2dkZPTXp1UEFuT21KbEw1ZGttUFN3NjE5ZHBtLUtySGVGVmltYUhGbmZLM08zZm1NTC1sTl9iZHBvRzlzLUhpRUx5Rkp1U2RvT1Z3d1B4WTVCTDFQNE9tMXA1TWptLWI4eFowd1podjBVQ1JNSDBBTjVybDV1SWppVHJRY3hTNl9f?oc=5\" target=\"_blank\" rel=\"nofollow noopener\">Previs\u00e3o do tempo: Inmet emite alerta de chuvas no DF nesta ter\u00e7a (18\/11)<\/a>&nbsp;&nbsp;Correio Braziliense<\/li>\n<li><a href=\"https:\/\/news.google.com\/rss\/articles\/CBMixAFBVV95cUxQN2xoVldsLUVpY3JEcXhPak56d1NOTlQ5YzlfZlpHSVRiWTNzMFRyM0xqclZ3TEdGdVV3bjNXdUU4YnBzWEpQZGo1U3lPdGtLOGQwUFI3LWZmNnEzQmpDSVBsODcyM3RLUDFqc2tEN2NKMFBKTGxOTERKdUNaNGYxaFA3NGlUZzNoSTEwc2dxbnFJanRZcjVvOVNpeERUMVdiM3NlYmlqeEF0ZERuQW9Sdkc2MWN3QmRic0JiR2xjZkZXNEdV?oc=5\" target=\"_blank\" rel=\"nofollow noopener\">Previs\u00e3o Brasil (19\/11): Chuva isolada no Sul e temporais em v\u00e1rias \u00e1reas do pa\u00eds<\/a>&nbsp;&nbsp;Climatempo<\/li>\n<\/ol>\n","protected":false},"excerpt":{"rendered":"Ou\u00e7a: Previs\u00e3o Do Tempo \u2013 Ter\u00e7a-Feira, dia 18 de novembro de 2025&nbsp;&nbsp;R\u00e1dio Nativa FM 98,7 DF tem alerta&hellip;\n","protected":false},"author":2,"featured_media":94290,"comment_status":"","ping_status":"","sticky":false,"template":"","format":"standard","meta":{"footnotes":""},"categories":[141],"tags":[114,115,149,150,32,33],"class_list":{"0":"post-156684","1":"post","2":"type-post","3":"status-publish","4":"format-standard","5":"has-post-thumbnail","7":"category-musica","8":"tag-entertainment","9":"tag-entretenimento","10":"tag-music","11":"tag-musica","12":"tag-portugal","13":"tag-pt"},"share_on_mastodon":{"url":"https:\/\/pubeurope.com\/@pt\/115571884234937545","error":""},"_links":{"self":[{"href":"https:\/\/www.europesays.com\/pt\/wp-json\/wp\/v2\/posts\/156684","targetHints":{"allow":["GET"]}}],"collection":[{"href":"https:\/\/www.europesays.com\/pt\/wp-json\/wp\/v2\/posts"}],"about":[{"href":"https:\/\/www.europesays.com\/pt\/wp-json\/wp\/v2\/types\/post"}],"author":[{"embeddable":true,"href":"https:\/\/www.europesays.com\/pt\/wp-json\/wp\/v2\/users\/2"}],"replies":[{"embeddable":true,"href":"https:\/\/www.europesays.com\/pt\/wp-json\/wp\/v2\/comments?post=156684"}],"version-history":[{"count":0,"href":"https:\/\/www.europesays.com\/pt\/wp-json\/wp\/v2\/posts\/156684\/revisions"}],"wp:featuredmedia":[{"embeddable":true,"href":"https:\/\/www.europesays.com\/pt\/wp-json\/wp\/v2\/media\/94290"}],"wp:attachment":[{"href":"https:\/\/www.europesays.com\/pt\/wp-json\/wp\/v2\/media?parent=156684"}],"wp:term":[{"taxonomy":"category","embeddable":true,"href":"https:\/\/www.europesays.com\/pt\/wp-json\/wp\/v2\/categories?post=156684"},{"taxonomy":"post_tag","embeddable":true,"href":"https:\/\/www.europesays.com\/pt\/wp-json\/wp\/v2\/tags?post=156684"}],"curies":[{"name":"wp","href":"https:\/\/api.w.org\/{rel}","templated":true}]}}