{"id":156685,"date":"2025-11-18T17:30:16","date_gmt":"2025-11-18T17:30:16","guid":{"rendered":"https:\/\/www.europesays.com\/pt\/156685\/"},"modified":"2025-11-18T17:30:16","modified_gmt":"2025-11-18T17:30:16","slug":"benfica-lukebakio-vai-cumprir-jogo-de-suspensao-diante-do-atletico-cp","status":"publish","type":"post","link":"https:\/\/www.europesays.com\/pt\/156685\/","title":{"rendered":"Benfica: Lukebakio vai cumprir jogo de suspens\u00e3o diante do Atl\u00e9tico CP"},"content":{"rendered":"<p>O Benfica informou, nesta ter\u00e7a-feira, que o extremo Dodi Lukebakio vai cumprir um jogo de suspens\u00e3o contra o Atl\u00e9tico Clube de Portugal em jogo da quarta eliminat\u00f3ria da Ta\u00e7a de Portugal. O castigo \u00e9 ainda relativo ao per\u00edodo em que atuava pelo Sevilha.<\/p>\n<p>Em causa uma expuls\u00e3o ao servi\u00e7o dos sevilhanos diante do Osasuna, na jornada 33 da La Liga 2024\/25. O clube espanhol recorreu da decis\u00e3o, n\u00e3o lhe foi dada raz\u00e3o e o castigo ser\u00e1 agora cumprido.\u00a0<\/p>\n<p>\u00abO Sevilla F\u00fatbol Club, por\u00e9m, acabou por recorrer \u00e0 justi\u00e7a civil e obter a suspens\u00e3o preventiva do castigo, com\u00a0o Benfica a ser agora notificado de que o jogador ter\u00e1 de cumprir a pena no pr\u00f3ximo jogo oficial para o qual estiver habilitado\u00bb, afirma o clube da Luz em comunicado.<\/p>\n<p>\u00abMais se informa que o Benfica foi devidamente informado pelo Sevilla F\u00fatbol Club sobre este processo, aquando da transfer\u00eancia do jogador\u00bb, esclarecem ainda.\u00a0<\/p>\n<p>O duelo entre clubes hist\u00f3ricos de Lisboa acontece na sexta-feira, pelas 20h30, no Est\u00e1dio do Restelo, casa emprestada ao Atl\u00e9tico CP. Dodi Lukebakio, de 28 anos, j\u00e1 cumpriu onze jogos de \u00e1guia ao peito e marcou um golo.\u00a0\u00a0<\/p>\n<p>[Not\u00edcia atualizada \u00e0s 14h57]<\/p>\n","protected":false},"excerpt":{"rendered":"O Benfica informou, nesta ter\u00e7a-feira, que o extremo Dodi Lukebakio vai cumprir um jogo de suspens\u00e3o contra o&hellip;\n","protected":false},"author":2,"featured_media":156686,"comment_status":"","ping_status":"","sticky":false,"template":"","format":"standard","meta":{"footnotes":""},"categories":[87],"tags":[51,135,15191,36,15653,46,32,33,47,5620,134,3142],"class_list":{"0":"post-156685","1":"post","2":"type-post","3":"status-publish","4":"format-standard","5":"has-post-thumbnail","7":"category-desporto","8":"tag-benfica","9":"tag-desporto","10":"tag-dodi-lukebakio","11":"tag-liga","12":"tag-lukebakio","13":"tag-maisfutebol","14":"tag-portugal","15":"tag-pt","16":"tag-pura-paixao","17":"tag-sevilha","18":"tag-sports","19":"tag-taca-de-portugal"},"share_on_mastodon":{"url":"https:\/\/pubeurope.com\/@pt\/115571892123750921","error":""},"_links":{"self":[{"href":"https:\/\/www.europesays.com\/pt\/wp-json\/wp\/v2\/posts\/156685","targetHints":{"allow":["GET"]}}],"collection":[{"href":"https:\/\/www.europesays.com\/pt\/wp-json\/wp\/v2\/posts"}],"about":[{"href":"https:\/\/www.europesays.com\/pt\/wp-json\/wp\/v2\/types\/post"}],"author":[{"embeddable":true,"href":"https:\/\/www.europesays.com\/pt\/wp-json\/wp\/v2\/users\/2"}],"replies":[{"embeddable":true,"href":"https:\/\/www.europesays.com\/pt\/wp-json\/wp\/v2\/comments?post=156685"}],"version-history":[{"count":0,"href":"https:\/\/www.europesays.com\/pt\/wp-json\/wp\/v2\/posts\/156685\/revisions"}],"wp:featuredmedia":[{"embeddable":true,"href":"https:\/\/www.europesays.com\/pt\/wp-json\/wp\/v2\/media\/156686"}],"wp:attachment":[{"href":"https:\/\/www.europesays.com\/pt\/wp-json\/wp\/v2\/media?parent=156685"}],"wp:term":[{"taxonomy":"category","embeddable":true,"href":"https:\/\/www.europesays.com\/pt\/wp-json\/wp\/v2\/categories?post=156685"},{"taxonomy":"post_tag","embeddable":true,"href":"https:\/\/www.europesays.com\/pt\/wp-json\/wp\/v2\/tags?post=156685"}],"curies":[{"name":"wp","href":"https:\/\/api.w.org\/{rel}","templated":true}]}}