{"id":156687,"date":"2025-11-18T17:36:20","date_gmt":"2025-11-18T17:36:20","guid":{"rendered":"https:\/\/www.europesays.com\/pt\/156687\/"},"modified":"2025-11-18T17:36:20","modified_gmt":"2025-11-18T17:36:20","slug":"ucrania-russia-critica-alerta-de-berlim-sobre-possivel-ataque-a-nato","status":"publish","type":"post","link":"https:\/\/www.europesays.com\/pt\/156687\/","title":{"rendered":"Ucr\u00e2nia: R\u00fassia critica alerta de Berlim sobre poss\u00edvel ataque \u00e0 NATO"},"content":{"rendered":"<p>A rea\u00e7\u00e3o \u00e0s declara\u00e7\u00f5es de Boris Pistorius, publicadas s\u00e1bado numa entrevista ao jornal alem\u00e3o Frankfurter Allgemeine Zeitung, foram feitas domingo pelo porta-voz do Kremlin, Dimitri Peskov, que negou que a R\u00fassia estaria a preparar-se para lan\u00e7ar um ataque contra um pa\u00eds da ala oriental da NATO antes de 2029.<\/p>\n<p>Citado hoje pelo di\u00e1rio russo Kommersant, Peskov referiu que a R\u00fassia &#8220;n\u00e3o defende qualquer confronto com a NATO&#8221;.<\/p>\n<p>&#8220;Mas somos for\u00e7ados a tomar medidas para garantir a nossa seguran\u00e7a&#8221;, frisou, lamentando que &#8220;a ret\u00f3rica belicista seja cada vez mais ouvida na Europa&#8221;.<\/p>\n<p>&#8220;Este tipo de declara\u00e7\u00f5es n\u00e3o melhora em nada a situa\u00e7\u00e3o&#8221;, salientou Peskov, posi\u00e7\u00e3o\u00a0tamb\u00e9m foi defendida pela porta-voz do Minist\u00e9rio dos Neg\u00f3cios Estrangeiros russo, Maria Zakharova, para quem as declara\u00e7\u00f5es de Pistorius &#8220;n\u00e3o deixam d\u00favidas sobre quem age como agressor&#8221;, de acordo com a ag\u00eancia de not\u00edcias russa TASS.<\/p>\n<p>Na entrevista ao Frankfurter Allgemeine Zeitung, Pistorius precisou que um ataque da R\u00fassia a um pa\u00eds da NATO em 2029 &#8220;n\u00e3o seria impens\u00e1vel&#8221;, antes de argumentar que, ap\u00f3s a restaura\u00e7\u00e3o das For\u00e7as Armadas, a R\u00fassia &#8220;estar\u00e1 em condi\u00e7\u00f5es&#8221; de lan\u00e7ar um ataque deste tipo contra um Estado-membro da ala oriental.<\/p>\n<p>&#8220;Sempre dissemos que isto podia acontecer a partir de 2029. No entanto, agora h\u00e1 outros que dizem que isso poder\u00e1\u00a0ser poss\u00edvel j\u00e1 a partir de 2028, e alguns historiadores militares at\u00e9 acreditam que o ver\u00e3o passado j\u00e1 foi o \u00faltimo em paz&#8221;, afirmou o ministro da Defesa alem\u00e3o.<\/p>\n<p>Pistorius tamb\u00e9m destacou que a NATO ter\u00e1 de se defender, pois &#8220;tem um potencial dissuasivo consider\u00e1vel&#8221;.\u00a0<\/p>\n<p>&#8220;Convencional, mas, \u00e9 claro, tamb\u00e9m nuclear&#8221;, concluiu o ministro alem\u00e3o.<\/p>\n<p>Leia Tamb\u00e9m: <a href=\"https:\/\/www.noticiasaominuto.com\/mundo\/2889791\/onu-alerta-para-evidencias-irrefutaveis-entre-conflitos-e-fome\" target=\"_blank\" rel=\"noopener noreferrer nofollow\">ONU alerta para &#8220;evid\u00eancias irrefut\u00e1veis&#8221; entre conflitos e fome<\/a><\/p>\n","protected":false},"excerpt":{"rendered":"A rea\u00e7\u00e3o \u00e0s declara\u00e7\u00f5es de Boris Pistorius, publicadas s\u00e1bado numa entrevista ao jornal alem\u00e3o Frankfurter Allgemeine Zeitung, foram&hellip;\n","protected":false},"author":2,"featured_media":156688,"comment_status":"","ping_status":"","sticky":false,"template":"","format":"standard","meta":{"footnotes":""},"categories":[50],"tags":[27,28,15,16,14,25,26,21,22,62,12,13,19,20,23,24,17,18,29,30,31,63,64,65],"class_list":{"0":"post-156687","1":"post","2":"type-post","3":"status-publish","4":"format-standard","5":"has-post-thumbnail","7":"category-mundo","8":"tag-breaking-news","9":"tag-breakingnews","10":"tag-featured-news","11":"tag-featurednews","12":"tag-headlines","13":"tag-latest-news","14":"tag-latestnews","15":"tag-main-news","16":"tag-mainnews","17":"tag-mundo","18":"tag-news","19":"tag-noticias","20":"tag-noticias-principais","21":"tag-noticiasprincipais","22":"tag-principais-noticias","23":"tag-principaisnoticias","24":"tag-top-stories","25":"tag-topstories","26":"tag-ultimas","27":"tag-ultimas-noticias","28":"tag-ultimasnoticias","29":"tag-world","30":"tag-world-news","31":"tag-worldnews"},"share_on_mastodon":{"url":"https:\/\/pubeurope.com\/@pt\/115571915924517765","error":""},"_links":{"self":[{"href":"https:\/\/www.europesays.com\/pt\/wp-json\/wp\/v2\/posts\/156687","targetHints":{"allow":["GET"]}}],"collection":[{"href":"https:\/\/www.europesays.com\/pt\/wp-json\/wp\/v2\/posts"}],"about":[{"href":"https:\/\/www.europesays.com\/pt\/wp-json\/wp\/v2\/types\/post"}],"author":[{"embeddable":true,"href":"https:\/\/www.europesays.com\/pt\/wp-json\/wp\/v2\/users\/2"}],"replies":[{"embeddable":true,"href":"https:\/\/www.europesays.com\/pt\/wp-json\/wp\/v2\/comments?post=156687"}],"version-history":[{"count":0,"href":"https:\/\/www.europesays.com\/pt\/wp-json\/wp\/v2\/posts\/156687\/revisions"}],"wp:featuredmedia":[{"embeddable":true,"href":"https:\/\/www.europesays.com\/pt\/wp-json\/wp\/v2\/media\/156688"}],"wp:attachment":[{"href":"https:\/\/www.europesays.com\/pt\/wp-json\/wp\/v2\/media?parent=156687"}],"wp:term":[{"taxonomy":"category","embeddable":true,"href":"https:\/\/www.europesays.com\/pt\/wp-json\/wp\/v2\/categories?post=156687"},{"taxonomy":"post_tag","embeddable":true,"href":"https:\/\/www.europesays.com\/pt\/wp-json\/wp\/v2\/tags?post=156687"}],"curies":[{"name":"wp","href":"https:\/\/api.w.org\/{rel}","templated":true}]}}