{"id":156695,"date":"2025-11-18T17:43:11","date_gmt":"2025-11-18T17:43:11","guid":{"rendered":"https:\/\/www.europesays.com\/pt\/156695\/"},"modified":"2025-11-18T17:43:11","modified_gmt":"2025-11-18T17:43:11","slug":"deborah-secco-baba-pelo-namorado-apos-indicacao-ao-premio-multishow","status":"publish","type":"post","link":"https:\/\/www.europesays.com\/pt\/156695\/","title":{"rendered":"Deborah Secco baba pelo namorado ap\u00f3s indica\u00e7\u00e3o ao Pr\u00eamio Multishow"},"content":{"rendered":"<p><a href=\"https:\/\/www.instagram.com\/dedesecco\/\" target=\"_blank\" rel=\"noopener nofollow\">Deborah Secco<\/a> resolveu deixar o off do namoro com o produtor musical, compositor e multi-instrumentista Dudu Borges e babou pelo amado nas redes sociais, na noite de segunda-feira (17\/11).<\/p>\n<p>A atriz usou os stories do Instagram para celebrar a indica\u00e7\u00e3o do artista ao Pr\u00eamio Multishow deste ano, que acontece no dia 9 de dezembro, no Rio de Janeiro. Ele vai concorrer na categoria de Produ\u00e7\u00e3o Musical com Eduardo Pepato, Iuri Riobranco, Janlusca, Papatinho e Pretinho da Serrinha.<\/p>\n<p><img decoding=\"async\" src=\"https:\/\/www.europesays.com\/pt\/wp-content\/uploads\/2025\/11\/2-2635.jpg\" loading=\"lazy\"\/><\/p>\n<p>Fechar modal.<\/p>\n<p><img decoding=\"async\" src=\"https:\/\/files.metropoles.cloud\/imagens\/logo-metropoles-branca.png\" loading=\"lazy\"\/><img data-splide-lazy=\"https:\/\/i.metroimg.com\/gGjqs-0-lo2JWHe_r87hzlMJwlP_1WiYhuznoHIwUhY\/w:1200\/q:85\/f:webp\/plain\/2025\/11\/18074641\/2-2635.jpg\"\/>1 de 5<\/p>\n<p class=\"splide__caption\">Deborah Secco baba pelo namorado ap\u00f3s indica\u00e7\u00e3o ao Pr\u00eamio Multishow<\/p>\n<p>Instagram\/Reprodu\u00e7\u00e3o<img data-splide-lazy=\"https:\/\/i.metroimg.com\/-1ewj-6Ng6MIl9OX-LoPyt75QVNj77oQwVCOfo3ChTY\/w:1200\/q:85\/f:webp\/plain\/2025\/11\/18074652\/1-3851.jpg\"\/>2 de 5<\/p>\n<p class=\"splide__caption\">Dudu Borges compartilhou a postagem da namorada, Deborah Secco<\/p>\n<p>Instagram\/Reprodu\u00e7\u00e3o<img data-splide-lazy=\"https:\/\/i.metroimg.com\/NuLri7Z62VXMkjUDGCY6RntsRdOVst6dhiZoakJIrIU\/w:1200\/q:85\/f:webp\/plain\/2025\/11\/18074627\/5-1010.jpg\"\/>3 de 5<\/p>\n<p class=\"splide__caption\">Deborah Secco e Dudu Borges est\u00e3o juntos desde mar\u00e7o<\/p>\n<p>Instagram\/Reprodu\u00e7\u00e3o<img data-splide-lazy=\"https:\/\/i.metroimg.com\/CgJvUaM4QP-A8NCe3ZyJB15NOxouskgZlKzPH55epkY\/w:1200\/q:85\/f:webp\/plain\/2025\/11\/18074632\/4-1392.jpg\"\/>4 de 5<\/p>\n<p class=\"splide__caption\">Dudu Borges \u00e9 muito conhecido no mundo da m\u00fasica<\/p>\n<p>Instagram\/Reprodu\u00e7\u00e3o<img data-splide-lazy=\"https:\/\/i.metroimg.com\/Fb6WqIc_GVMHMjoaChMT7aAZxBc6ry94N-gW24zBxig\/w:1200\/q:85\/f:webp\/plain\/2025\/11\/18074622\/3-1914.jpg\"\/>5 de 5<\/p>\n<p class=\"splide__caption\">Dudu Borges foi indicado \u00e0 categoria Produ\u00e7\u00e3o Musical<\/p>\n<p>Instagram\/Reprodu\u00e7\u00e3o<\/p>\n<p>\u201cTanto orgulho de voc\u00ea\u201d, escreveu ela. Dudu Borges, por sua vez, republicou o post da namorada com v\u00e1rios emojis de cora\u00e7\u00e3o. <a href=\"https:\/\/www.metropoles.com\/colunas\/fabia-oliveira\/quem-e-o-sertanejo-que-vive-romance-com-deborah-secco\" target=\"_blank\" rel=\"noopener nofollow\">Os rumores de que os dois estavam juntos come\u00e7aram em mar\u00e7o e eles apareceram publicamente pela primeira vez em abril<\/a>, no show da dupla Jorge &amp; Mateus, em S\u00e3o Paulo.<\/p>\n<p>Quem \u00e9 Dudu Borges<\/p>\n<p><a href=\"https:\/\/www.instagram.com\/duduborgesvip\/\" target=\"_blank\" rel=\"noopener nofollow\">Dudu Borges<\/a>, de 42 anos, nasceu em Campo Grande (MS) e iniciou sua trajet\u00f3ria musical no meio gospel, integrando a banda Resgate como tecladista, al\u00e9m de atuar na produ\u00e7\u00e3o e composi\u00e7\u00e3o. Sua transi\u00e7\u00e3o para o sertanejo come\u00e7ou em meados de 2005, quando sua parceria com Michel Tel\u00f3 impulsionou sua carreira no g\u00eanero.<\/p>\n<p>Com o tempo, o produtor se tornou um dos principais respons\u00e1veis por sucessos do mercado, sendo o nome por tr\u00e1s de hits como \u201cAi Se Eu Te Pego\u201d, que conquistou repercuss\u00e3o internacional na voz de Tel\u00f3, e \u201cOs Anjos Cantam\u201d, da dupla Jorge &amp; Mateus.<\/p>\n<p>A consolida\u00e7\u00e3o de sua carreira veio com diversas colabora\u00e7\u00f5es de peso, incluindo Jo\u00e3o Bosco &amp; Vin\u00edcius, cuja produ\u00e7\u00e3o assinada por Dudu rendeu um Grammy Latino. Al\u00e9m do sertanejo, ele expandiu sua atua\u00e7\u00e3o para outros estilos musicais, utilizando o nome art\u00edstico Analaga em projetos com artistas como Thiaguinho, Gloria Groove, Atitude 67, Anavit\u00f3ria e Mariana Rios.<\/p>\n<p><script async src=\"\/\/www.instagram.com\/embed.js\"><\/script><\/p>\n","protected":false},"excerpt":{"rendered":"Deborah Secco resolveu deixar o off do namoro com o produtor musical, compositor e multi-instrumentista Dudu Borges e&hellip;\n","protected":false},"author":2,"featured_media":156696,"comment_status":"","ping_status":"","sticky":false,"template":"","format":"standard","meta":{"footnotes":""},"categories":[141],"tags":[114,115,149,150,32,33],"class_list":{"0":"post-156695","1":"post","2":"type-post","3":"status-publish","4":"format-standard","5":"has-post-thumbnail","7":"category-musica","8":"tag-entertainment","9":"tag-entretenimento","10":"tag-music","11":"tag-musica","12":"tag-portugal","13":"tag-pt"},"share_on_mastodon":{"url":"https:\/\/pubeurope.com\/@pt\/115571943508496980","error":""},"_links":{"self":[{"href":"https:\/\/www.europesays.com\/pt\/wp-json\/wp\/v2\/posts\/156695","targetHints":{"allow":["GET"]}}],"collection":[{"href":"https:\/\/www.europesays.com\/pt\/wp-json\/wp\/v2\/posts"}],"about":[{"href":"https:\/\/www.europesays.com\/pt\/wp-json\/wp\/v2\/types\/post"}],"author":[{"embeddable":true,"href":"https:\/\/www.europesays.com\/pt\/wp-json\/wp\/v2\/users\/2"}],"replies":[{"embeddable":true,"href":"https:\/\/www.europesays.com\/pt\/wp-json\/wp\/v2\/comments?post=156695"}],"version-history":[{"count":0,"href":"https:\/\/www.europesays.com\/pt\/wp-json\/wp\/v2\/posts\/156695\/revisions"}],"wp:featuredmedia":[{"embeddable":true,"href":"https:\/\/www.europesays.com\/pt\/wp-json\/wp\/v2\/media\/156696"}],"wp:attachment":[{"href":"https:\/\/www.europesays.com\/pt\/wp-json\/wp\/v2\/media?parent=156695"}],"wp:term":[{"taxonomy":"category","embeddable":true,"href":"https:\/\/www.europesays.com\/pt\/wp-json\/wp\/v2\/categories?post=156695"},{"taxonomy":"post_tag","embeddable":true,"href":"https:\/\/www.europesays.com\/pt\/wp-json\/wp\/v2\/tags?post=156695"}],"curies":[{"name":"wp","href":"https:\/\/api.w.org\/{rel}","templated":true}]}}