{"id":156697,"date":"2025-11-18T17:45:12","date_gmt":"2025-11-18T17:45:12","guid":{"rendered":"https:\/\/www.europesays.com\/pt\/156697\/"},"modified":"2025-11-18T17:45:12","modified_gmt":"2025-11-18T17:45:12","slug":"clubes-do-minho-choram-a-morte-do-treinador-anibal-ferreira","status":"publish","type":"post","link":"https:\/\/www.europesays.com\/pt\/156697\/","title":{"rendered":"Clubes do Minho choram a morte do treinador An\u00edbal Ferreira"},"content":{"rendered":"<p data-remotead-prev-elm=\"true\" data-remotead-elm-id=\"inread\">Com uma carreira marcada pela dedica\u00e7\u00e3o aos clubes e pelo impacto humano que deixou por onde passou, An\u00edbal Ferreira orientou equipas como Forj\u00e3es, Neves, Santa Maria, \u00c1guias de Alvelos, Ninense, Prado, Cerveira, Vila Ch\u00e3, Marinhas, Martim e Esposende. O \u00faltimo trabalho foi na UD S\u00e3o Ver\u00edssimo, na \u00e9poca 2022\/2023.<\/p>\n<p>A not\u00edcia da sua morte desencadeou uma onda de pesar entre os clubes da regi\u00e3o, que t\u00eam publicado mensagens emocionadas em homenagem ao treinador. A Associa\u00e7\u00e3o Desportiva de Esposende recordou-o como &#8220;um homem \u00edntegro, com princ\u00edpios e valores&#8221;, sublinhando o esfor\u00e7o e dedica\u00e7\u00e3o que sempre demonstrou. A UD S. Ver\u00edssimo lamentou igualmente a perda, salientando o impacto desportivo e humano que o t\u00e9cnico deixou no clube.<\/p>\n<p>O Forj\u00e3es SC destacou duas passagens marcantes de An\u00edbal pelo clube, que resultaram em subidas de divis\u00e3o, e lembrou-o como um homem carism\u00e1tico, humilde e apaixonado pelo futebol. O AFC Martim tamb\u00e9m expressou profundo pesar, afirmando que o treinador deixou &#8220;uma marca indel\u00e9vel&#8221; em todos os que com ele conviveram.<\/p>\n<p data-remotead-prev-elm=\"true\" data-remotead-elm-id=\"centro1\">Tamb\u00e9m o Clube Desportivo de Cerveira se associou \u00e0s homenagens, sublinhando que An\u00edbal Ferreira foi &#8220;uma figura incontorn\u00e1vel e um pilar do clube&#8221;, exercendo fun\u00e7\u00f5es de treinador com &#8220;paix\u00e3o e dedica\u00e7\u00e3o ineg\u00e1veis&#8221;. O Cerveira recorda ainda &#8220;o percurso not\u00e1vel&#8221; do t\u00e9cnico, cuja vis\u00e3o e profissionalismo o tornaram um nome marcante no futebol distrital do Alto Minho. &#8220;O seu legado como formador e impulsionador do desporto perdurar\u00e1 na mem\u00f3ria de todos&#8221;, refere a nota de pesar, que termina com condol\u00eancias aos familiares e amigos.<\/p>\n<p>O funeral do treinador realiza-se esta quarta-feira, pelas 11 horas, na Igreja de S. Jos\u00e9, em Arcozelo, freguesia do concelho de Barcelos.<\/p>\n","protected":false},"excerpt":{"rendered":"Com uma carreira marcada pela dedica\u00e7\u00e3o aos clubes e pelo impacto humano que deixou por onde passou, An\u00edbal&hellip;\n","protected":false},"author":2,"featured_media":156698,"comment_status":"","ping_status":"","sticky":false,"template":"","format":"standard","meta":{"footnotes":""},"categories":[87],"tags":[135,524,2409,32,33,134],"class_list":{"0":"post-156697","1":"post","2":"type-post","3":"status-publish","4":"format-standard","5":"has-post-thumbnail","7":"category-desporto","8":"tag-desporto","9":"tag-futebol","10":"tag-obito","11":"tag-portugal","12":"tag-pt","13":"tag-sports"},"share_on_mastodon":{"url":"https:\/\/pubeurope.com\/@pt\/115571951550610082","error":""},"_links":{"self":[{"href":"https:\/\/www.europesays.com\/pt\/wp-json\/wp\/v2\/posts\/156697","targetHints":{"allow":["GET"]}}],"collection":[{"href":"https:\/\/www.europesays.com\/pt\/wp-json\/wp\/v2\/posts"}],"about":[{"href":"https:\/\/www.europesays.com\/pt\/wp-json\/wp\/v2\/types\/post"}],"author":[{"embeddable":true,"href":"https:\/\/www.europesays.com\/pt\/wp-json\/wp\/v2\/users\/2"}],"replies":[{"embeddable":true,"href":"https:\/\/www.europesays.com\/pt\/wp-json\/wp\/v2\/comments?post=156697"}],"version-history":[{"count":0,"href":"https:\/\/www.europesays.com\/pt\/wp-json\/wp\/v2\/posts\/156697\/revisions"}],"wp:featuredmedia":[{"embeddable":true,"href":"https:\/\/www.europesays.com\/pt\/wp-json\/wp\/v2\/media\/156698"}],"wp:attachment":[{"href":"https:\/\/www.europesays.com\/pt\/wp-json\/wp\/v2\/media?parent=156697"}],"wp:term":[{"taxonomy":"category","embeddable":true,"href":"https:\/\/www.europesays.com\/pt\/wp-json\/wp\/v2\/categories?post=156697"},{"taxonomy":"post_tag","embeddable":true,"href":"https:\/\/www.europesays.com\/pt\/wp-json\/wp\/v2\/tags?post=156697"}],"curies":[{"name":"wp","href":"https:\/\/api.w.org\/{rel}","templated":true}]}}