{"id":1567,"date":"2025-07-25T20:55:08","date_gmt":"2025-07-25T20:55:08","guid":{"rendered":"https:\/\/www.europesays.com\/pt\/1567\/"},"modified":"2025-07-25T20:55:08","modified_gmt":"2025-07-25T20:55:08","slug":"ranking-elege-as-10-musicas-que-deixam-as-pessoas-mais-felizes-no-mundo","status":"publish","type":"post","link":"https:\/\/www.europesays.com\/pt\/1567\/","title":{"rendered":"Ranking elege as 10 m\u00fasicas que deixam as pessoas mais felizes no mundo"},"content":{"rendered":"<p>Um estudo cient\u00edfico revelou quais s\u00e3o as 10 m\u00fasicas que despertam mais felicidade nas pessoas. A pesquisa foi conduzida pelo neurocientista holand\u00eas\u00a0Jacob Jolij,\u00a0da Universidade de Groningen, em seu pa\u00eds natal. O levantamento considerou\u00a0todos os g\u00eaneros musicais e diferentes par\u00e2metros dentro de cada m\u00fasica, como ritmo, tom e letra. Veja o ranking:<\/p>\n","protected":false},"excerpt":{"rendered":"Um estudo cient\u00edfico revelou quais s\u00e3o as 10 m\u00fasicas que despertam mais felicidade nas pessoas. A pesquisa foi&hellip;\n","protected":false},"author":2,"featured_media":1568,"comment_status":"","ping_status":"","sticky":false,"template":"","format":"standard","meta":{"footnotes":""},"categories":[141],"tags":[114,115,1187,62,149,150,32,33],"class_list":{"0":"post-1567","1":"post","2":"type-post","3":"status-publish","4":"format-standard","5":"has-post-thumbnail","7":"category-musica","8":"tag-entertainment","9":"tag-entretenimento","10":"tag-fatos-curiosos","11":"tag-mundo","12":"tag-music","13":"tag-musica","14":"tag-portugal","15":"tag-pt"},"share_on_mastodon":{"url":"","error":""},"_links":{"self":[{"href":"https:\/\/www.europesays.com\/pt\/wp-json\/wp\/v2\/posts\/1567","targetHints":{"allow":["GET"]}}],"collection":[{"href":"https:\/\/www.europesays.com\/pt\/wp-json\/wp\/v2\/posts"}],"about":[{"href":"https:\/\/www.europesays.com\/pt\/wp-json\/wp\/v2\/types\/post"}],"author":[{"embeddable":true,"href":"https:\/\/www.europesays.com\/pt\/wp-json\/wp\/v2\/users\/2"}],"replies":[{"embeddable":true,"href":"https:\/\/www.europesays.com\/pt\/wp-json\/wp\/v2\/comments?post=1567"}],"version-history":[{"count":0,"href":"https:\/\/www.europesays.com\/pt\/wp-json\/wp\/v2\/posts\/1567\/revisions"}],"wp:featuredmedia":[{"embeddable":true,"href":"https:\/\/www.europesays.com\/pt\/wp-json\/wp\/v2\/media\/1568"}],"wp:attachment":[{"href":"https:\/\/www.europesays.com\/pt\/wp-json\/wp\/v2\/media?parent=1567"}],"wp:term":[{"taxonomy":"category","embeddable":true,"href":"https:\/\/www.europesays.com\/pt\/wp-json\/wp\/v2\/categories?post=1567"},{"taxonomy":"post_tag","embeddable":true,"href":"https:\/\/www.europesays.com\/pt\/wp-json\/wp\/v2\/tags?post=1567"}],"curies":[{"name":"wp","href":"https:\/\/api.w.org\/{rel}","templated":true}]}}