{"id":156712,"date":"2025-11-18T18:01:20","date_gmt":"2025-11-18T18:01:20","guid":{"rendered":"https:\/\/www.europesays.com\/pt\/156712\/"},"modified":"2025-11-18T18:01:20","modified_gmt":"2025-11-18T18:01:20","slug":"nao-ha-falta-de-vacinas-para-a-gripe","status":"publish","type":"post","link":"https:\/\/www.europesays.com\/pt\/156712\/","title":{"rendered":"N\u00e3o h\u00e1 falta de vacinas para a gripe"},"content":{"rendered":"<p>&#13;<br \/>\nAna Paula Martins garantiu no arranque do p\u00e9riplo que est\u00e1 a realizar pelos servi\u00e7os de sa\u00fade do pa\u00eds que n\u00e3o h\u00e1 falta de vacinas para a gripe.&#13;\n<\/p>\n<p>&#13;<br \/>\nA ministra da Sa\u00fade n\u00e3o coloca de parte que aquilo a que chamou de vacina\u00e7\u00e3o &#8220;em grande escala&#8221; possa ter deixado alguns Centros de Sa\u00fade com `stock` reduzido.&#13;\n<\/p>\n<p>&#13;<br \/>\n&#8220;N\u00f3s temos vacinas que cheguem para as pessoas que t\u00eam que se vacinar e sobretudo, para aqueles que mais nos preocupam, que t\u00eam mais risco, que s\u00e3o os mais seniores, nomeadamente acima dos 85 anos&#8221;.&#13;\n<\/p>\n<p>&#13;<br \/>\nAna Paula Martins falava aos jornalistas \u00e0 margem de uma visita ao Hospital de Portim\u00e3o, apontando que que a exist\u00eancia centros de sa\u00fade com &#8220;excedente de vacinas&#8221; pode permitir uma redistribui\u00e7\u00e3o de vacinas pelas unidades de sa\u00fade.&#13;\n<\/p>\n<p>          <img decoding=\"async\" itemprop=\"image\" class=\"img-fluid\"   src=\"https:\/\/www.europesays.com\/pt\/wp-content\/uploads\/2025\/11\/fc1f547fdeac1617ab39a8add980346a_N.jpg\"\/><\/p>\n<p>&#13;<br \/>\nAna Paula Martins adiantou que a vacina\u00e7\u00e3o est\u00e1 a ser feita &#8220;a uma velocidade bastante grande e em grande escala, querendo atingir os n\u00edveis de 85% do ano passado, sendo natural que em alguns Centros de Sa\u00fade possam estar &#8220;de facto em `stocks` reduzidos&#8221;.&#13;\n<\/p>\n<p>&#13;<br \/>\n&#8220;N\u00e3o tenho informa\u00e7\u00e3o ao detalhe de ULS (Unidade Local de Sa\u00fade) a ULS, mas o senhor diretor executivo acompanha essa situa\u00e7\u00e3o juntamente com a Dire\u00e7\u00e3o-Geral de Sa\u00fade e n\u00f3s garantiremos que n\u00e3o faltam vacinas&#8221;, apontou.&#13;\n<\/p>\n<p>&#13;<br \/>\nPara a titular da pasta da Sa\u00fade &#8220;n\u00e3o est\u00e1 em causa&#8221; que um cidad\u00e3o queira levar a vacina ou precisar de a levar e de n\u00e3o a ter neste momento: &#8220;Isso est\u00e1 absolutamente fora de causa&#8221;.&#13;\n<\/p>\n<p>&#13;<br \/>\nAna Paula Martins iniciou hoje um p\u00e9riplo pelas Unidades Locais de Sa\u00fade de todo o pa\u00eds, no \u00e2mbito da prepara\u00e7\u00e3o do Servi\u00e7o Nacional de Sa\u00fade (SNS) para o per\u00edodo de inverno.&#13;\n<\/p>\n<p>&#13;<br \/>\nc\/ Lusa&#13;<\/p>\n","protected":false},"excerpt":{"rendered":"&#13; Ana Paula Martins garantiu no arranque do p\u00e9riplo que est\u00e1 a realizar pelos servi\u00e7os de sa\u00fade do&hellip;\n","protected":false},"author":2,"featured_media":156713,"comment_status":"","ping_status":"","sticky":false,"template":"","format":"standard","meta":{"footnotes":""},"categories":[86],"tags":[116,13,32,33,420,421,117],"class_list":{"0":"post-156712","1":"post","2":"type-post","3":"status-publish","4":"format-standard","5":"has-post-thumbnail","7":"category-saude","8":"tag-health","9":"tag-noticias","10":"tag-portugal","11":"tag-pt","12":"tag-rtp","13":"tag-rtp-noticias","14":"tag-saude"},"share_on_mastodon":{"url":"https:\/\/pubeurope.com\/@pt\/115572014281031687","error":""},"_links":{"self":[{"href":"https:\/\/www.europesays.com\/pt\/wp-json\/wp\/v2\/posts\/156712","targetHints":{"allow":["GET"]}}],"collection":[{"href":"https:\/\/www.europesays.com\/pt\/wp-json\/wp\/v2\/posts"}],"about":[{"href":"https:\/\/www.europesays.com\/pt\/wp-json\/wp\/v2\/types\/post"}],"author":[{"embeddable":true,"href":"https:\/\/www.europesays.com\/pt\/wp-json\/wp\/v2\/users\/2"}],"replies":[{"embeddable":true,"href":"https:\/\/www.europesays.com\/pt\/wp-json\/wp\/v2\/comments?post=156712"}],"version-history":[{"count":0,"href":"https:\/\/www.europesays.com\/pt\/wp-json\/wp\/v2\/posts\/156712\/revisions"}],"wp:featuredmedia":[{"embeddable":true,"href":"https:\/\/www.europesays.com\/pt\/wp-json\/wp\/v2\/media\/156713"}],"wp:attachment":[{"href":"https:\/\/www.europesays.com\/pt\/wp-json\/wp\/v2\/media?parent=156712"}],"wp:term":[{"taxonomy":"category","embeddable":true,"href":"https:\/\/www.europesays.com\/pt\/wp-json\/wp\/v2\/categories?post=156712"},{"taxonomy":"post_tag","embeddable":true,"href":"https:\/\/www.europesays.com\/pt\/wp-json\/wp\/v2\/tags?post=156712"}],"curies":[{"name":"wp","href":"https:\/\/api.w.org\/{rel}","templated":true}]}}