{"id":156718,"date":"2025-11-18T18:06:10","date_gmt":"2025-11-18T18:06:10","guid":{"rendered":"https:\/\/www.europesays.com\/pt\/156718\/"},"modified":"2025-11-18T18:06:10","modified_gmt":"2025-11-18T18:06:10","slug":"para-que-ir-tao-longe-estes-mercados-de-natal-em-portugal-sao-de-outro-nivel","status":"publish","type":"post","link":"https:\/\/www.europesays.com\/pt\/156718\/","title":{"rendered":"Para qu\u00ea ir t\u00e3o longe? Estes mercados de Natal em Portugal s\u00e3o de outro n\u00edvel"},"content":{"rendered":"<p>Neste momento, s\u00f3 consegues pensar no Natal, certo? Em Portugal, esta \u00e9poca do ano ganha um brilho especial com a magia dos mercados natal\u00edcios. Cada mercado \u00e9 um pequeno mundo a explorar: barraquinhas de artesanato, comida t\u00edpica, espet\u00e1culos, atra\u00e7\u00f5es para mi\u00fados e gra\u00fados e, claro, aquele esp\u00edrito natal\u00edcio de que tanto gostamos!\n<\/p>\n<p>Selecion\u00e1mos 6 destinos onde o Natal brilha com especial intensidade (e n\u00e3o prometemos uma escolha f\u00e1cil)!\n<\/p>\n<p><strong>1. Wonderland Lisboa &#8211; 28 de novembro a 4 de janeiro<\/strong><\/p>\n<p>O cora\u00e7\u00e3o de Lisboa volta a iluminar-se no Parque Eduardo VII. A famosa roda gigante, a ic\u00f3nica pista de gelo, a grande \u00e1rvore de Natal e as tantas barracas de doces, gastronomia t\u00edpica e artesanato fazem deste mercado um cl\u00e1ssico. Um espa\u00e7o para toda a fam\u00edlia, onde as luzes, a m\u00fasica e a chegada do Pai Natal d\u00e3o o verdadeiro pontap\u00e9 de sa\u00edda \u00e0 \u00e9poca.\n<\/p>\n<p><strong\/>2. Cascais Christmas Village &#8211; 22 de novembro a 4 de janeiro<strong><br \/>\n<\/strong><\/p>\n<p>O Parque Marechal Carmona recebe uma edi\u00e7\u00e3o ainda mais grandiosa! Este ano, o recinto estende-se at\u00e9 ao Hip\u00f3dromo Manuel Possolo, com hor\u00e1rios alargados e muitas surpresas: renas, duendes, soldados romanos, Reis Magos e, claro, o Pai Natal pronto para fotos e abra\u00e7os.\n<\/p>\n<p><strong>3. \u00d3bidos Vila Natal &#8211; 28 de novembro a 4 de janeiro<\/strong><\/p>\n<p>A vila medieval transforma-se num aut\u00eantico conto de fadas. O tema deste ano, &#8220;A Grande F\u00e1brica do Natal&#8221;, traz o gabinete secreto do Pai Natal, oficinas criativas, pista e rampa de gelo, experi\u00eancias de realidade virtual e o ador\u00e1vel carrossel parisiense. E, como sempre, n\u00e3o faltam as barracas de comes e bebes e o melhor artesanato local.\n<\/p>\n<p><strong>4. \u00c1gueda \u00e9 Natal &#8211; 15 de novembro a 11 de janeiro<\/strong><\/p>\n<p>\u00c1gueda volta a vestir-se de luz e de recordes! Aqui encontras o maior e o menor Pai Natal do mundo, al\u00e9m dos famosos guarda-chuvas coloridos. O Pai Natal gigante, com 21 metros de altura e mais de 250 mil luzes LED, continua a ser uma atra\u00e7\u00e3o imperd\u00edvel no Largo 1.\u00ba de Maio. H\u00e1 ainda mercadinho de artesanato, brinquedos, anima\u00e7\u00f5es de rua e muitas atividades para fam\u00edlias inteiras.\n<\/p>\n<p><strong>5. Aldeia de Cabe\u00e7a, em Seia &#8211; 6 de dezembro a 1 de janeiro<\/strong><\/p>\n<p>Este \u00e9, provavelmente, o destino de Natal mais diferente que podes encontrar em Portugal. Aqui, n\u00e3o h\u00e1 decora\u00e7\u00f5es compradas em lojas, <a href=\"https:\/\/rfm.pt\/atualidade\/21743\/a-aldeia-do-natal-mais-magica-de-portugal-que-quase-ninguem-conhece\" target=\"_blank\" rel=\"nofollow noopener\">tudo \u00e9 feito pelos pr\u00f3prios moradores<\/a>, com materiais recolhidos em limpezas e desbastes das florestas da zona. As portas das casas, p\u00e1tios e garagens abrem-se para receber quem chega, com doces regionais, artesanato e um ambiente t\u00e3o aut\u00eantico que parece sa\u00eddo de outro tempo.\n<\/p>\n<p><strong>6. Perlim: Parque Tem\u00e1tico de Natal &#8211; 29 de novembro a 30 de dezembro<\/strong><\/p>\n<p>A Quinta do Castelo volta a transformar-se no mundo m\u00e1gico de Perlim, um dos maiores cl\u00e1ssicos natal\u00edcios para fam\u00edlias portuguesas. O parque oferece espet\u00e1culos, anima\u00e7\u00f5es interativas, decora\u00e7\u00f5es encantadoras, pista de gelo, comboio e a famosa Parada dos Sonhos. No mercado, n\u00e3o faltam brinquedos tradicionais, produtos regionais e aquele cheirinho irresist\u00edvel a p\u00e3o-de-l\u00f3.\n<\/p>\n<p>Agora que tens muitas op\u00e7\u00f5es, j\u00e1 decidiste qual \u00e9 o mercado de Natal que vais visitar primeiro?<\/p>\n","protected":false},"excerpt":{"rendered":"Neste momento, s\u00f3 consegues pensar no Natal, certo? Em Portugal, esta \u00e9poca do ano ganha um brilho especial&hellip;\n","protected":false},"author":2,"featured_media":156719,"comment_status":"","ping_status":"","sticky":false,"template":"","format":"standard","meta":{"footnotes":""},"categories":[10],"tags":[783,778,779,774,27,28,764,769,767,772,782,15,16,784,14,222,771,25,26,773,21,22,149,12,768,13,19,20,777,32,23,24,33,766,781,765,763,775,780,776,770,17,18,29,30,31],"class_list":{"0":"post-156718","1":"post","2":"type-post","3":"status-publish","4":"format-standard","5":"has-post-thumbnail","7":"category-portugal","8":"tag-6pm","9":"tag-80s-rfm","10":"tag-80srfm","11":"tag-90s","12":"tag-breaking-news","13":"tag-breakingnews","14":"tag-bruno-mars","15":"tag-cafe-da-manha","16":"tag-comedia","17":"tag-dance-it","18":"tag-emissao-online","19":"tag-featured-news","20":"tag-featurednews","21":"tag-fridayboyz","22":"tag-headlines","23":"tag-humor","24":"tag-jazzy","25":"tag-latest-news","26":"tag-latestnews","27":"tag-latinas","28":"tag-main-news","29":"tag-mainnews","30":"tag-music","31":"tag-news","32":"tag-nilton","33":"tag-noticias","34":"tag-noticias-principais","35":"tag-noticiasprincipais","36":"tag-oceano-pacifico","37":"tag-portugal","38":"tag-principais-noticias","39":"tag-principaisnoticias","40":"tag-pt","41":"tag-radio","42":"tag-radio-online","43":"tag-rfm","44":"tag-rock-in-rio","45":"tag-rocks","46":"tag-somnii","47":"tag-toca-portugal","48":"tag-top-25","49":"tag-top-stories","50":"tag-topstories","51":"tag-ultimas","52":"tag-ultimas-noticias","53":"tag-ultimasnoticias"},"share_on_mastodon":{"url":"","error":"Validation failed: Text character limit of 500 exceeded"},"_links":{"self":[{"href":"https:\/\/www.europesays.com\/pt\/wp-json\/wp\/v2\/posts\/156718","targetHints":{"allow":["GET"]}}],"collection":[{"href":"https:\/\/www.europesays.com\/pt\/wp-json\/wp\/v2\/posts"}],"about":[{"href":"https:\/\/www.europesays.com\/pt\/wp-json\/wp\/v2\/types\/post"}],"author":[{"embeddable":true,"href":"https:\/\/www.europesays.com\/pt\/wp-json\/wp\/v2\/users\/2"}],"replies":[{"embeddable":true,"href":"https:\/\/www.europesays.com\/pt\/wp-json\/wp\/v2\/comments?post=156718"}],"version-history":[{"count":0,"href":"https:\/\/www.europesays.com\/pt\/wp-json\/wp\/v2\/posts\/156718\/revisions"}],"wp:featuredmedia":[{"embeddable":true,"href":"https:\/\/www.europesays.com\/pt\/wp-json\/wp\/v2\/media\/156719"}],"wp:attachment":[{"href":"https:\/\/www.europesays.com\/pt\/wp-json\/wp\/v2\/media?parent=156718"}],"wp:term":[{"taxonomy":"category","embeddable":true,"href":"https:\/\/www.europesays.com\/pt\/wp-json\/wp\/v2\/categories?post=156718"},{"taxonomy":"post_tag","embeddable":true,"href":"https:\/\/www.europesays.com\/pt\/wp-json\/wp\/v2\/tags?post=156718"}],"curies":[{"name":"wp","href":"https:\/\/api.w.org\/{rel}","templated":true}]}}