{"id":156722,"date":"2025-11-18T18:10:12","date_gmt":"2025-11-18T18:10:12","guid":{"rendered":"https:\/\/www.europesays.com\/pt\/156722\/"},"modified":"2025-11-18T18:10:12","modified_gmt":"2025-11-18T18:10:12","slug":"artista-de-maragogipinho-ganha-destaque-ao-ter-escultura-entregue-a-maria-bethania","status":"publish","type":"post","link":"https:\/\/www.europesays.com\/pt\/156722\/","title":{"rendered":"Artista de Maragogipinho ganha destaque ao ter escultura entregue a Maria Beth\u00e2nia"},"content":{"rendered":"<p>O escultor baiano <strong>Wesley Souza<\/strong>, de 28 anos, viu seu trabalho ganhar proje\u00e7\u00e3o nacional ap\u00f3s uma de suas pe\u00e7as ser entregue \u00e0 cantora <strong>Maria Beth\u00e2nia<\/strong> no \u00faltimo s\u00e1bado (15), na Concha Ac\u00fastica de Salvador, durante a turn\u00ea que celebra os 60 anos de carreira da artista.<\/p>\n<p>Natural de Maragogipinho, distrito de Aratu\u00edpe reconhecido pela Unesco como o maior polo de cer\u00e2mica artesanal da Am\u00e9rica Latina, Wesley come\u00e7ou a moldar barro ainda na inf\u00e2ncia, influenciado pelo pai ceramista. A obra escolhida \u2014 uma escultura de <strong>Ians\u00e3<\/strong>, orix\u00e1 do qual Beth\u00e2nia \u00e9 filha \u2014 foi adquirida pelo secret\u00e1rio de Cultura da Bahia, <strong>Bruno Monteiro<\/strong>, durante o Festival de Cer\u00e2mica de Maragogipinho, e entregue \u00e0 cantora em um gesto conduzido pelo governador <strong>Jer\u00f4nimo Rodrigues<\/strong>.<\/p>\n<p>Beth\u00e2nia recebeu a pe\u00e7a com entusiasmo, elogiando o trabalho do jovem artista: \u201cMuito bonita, que pe\u00e7a linda! Um presente maravilhoso\u201d, disse ao observar os detalhes da escultura.<\/p>\n<p>Segundo Wesley, a not\u00edcia o deixou emocionado. \u201cMaria Beth\u00e2nia \u00e9 sensacional. Fiquei muito feliz, at\u00e9 agora n\u00e3o acredito\u201d, contou. O artista \u00e9 especializado em obras afro-brasileiras e destaca a liga\u00e7\u00e3o espiritual com a cer\u00e2mica produzida na regi\u00e3o. \u201cMinha av\u00f3 era ialorix\u00e1. Expressar nossa ancestralidade atrav\u00e9s do barro \u00e9 um retorno \u00e0s minhas ra\u00edzes.\u201d<\/p>\n<p>O secret\u00e1rio Bruno Monteiro ressaltou a import\u00e2ncia do encontro: \u201cSer a ponte entre Wesley e Beth\u00e2nia simboliza a for\u00e7a das conex\u00f5es culturais da Bahia.\u201d<\/p>\n<p>Totalmente artesanal, cada escultura do artista leva de 15 a 20 dias para ser conclu\u00edda, entre modelagem, secagem e queima. \u201cVivo da arte. Quando fazemos com amor, tudo flui. Minha ancestralidade me guia em cada pe\u00e7a\u201d, afirmou.<\/p>\n<blockquote class=\"instagram-media\" style=\"background: #FFF; border: 0; border-radius: 3px; box-shadow: 0 0 1px 0 rgba(0,0,0,0.5),0 1px 10px 0 rgba(0,0,0,0.15); margin: 1px; max-width: 540px; min-width: 326px; padding: 0; width: calc(100% - 2px);\" data-instgrm-captioned=\"\" data-instgrm-permalink=\"https:\/\/www.instagram.com\/reel\/DRIWmvuEUCM\/?utm_source=ig_embed&amp;utm_campaign=loading\" data-instgrm-version=\"14\">\n<\/blockquote>\n<p><strong>Festival de Cer\u00e2mica de Maragogipinho<\/strong><\/p>\n<p>A escultura foi produzida para o <strong>Festival de Cer\u00e2mica de Maragogipinho<\/strong>, realizado entre 14 e 16 de novembro. Em sua terceira edi\u00e7\u00e3o, o evento destacou \u201cA for\u00e7a da mulher no artesanato de Maragogipinho\u201d e reuniu 40 estandes, feira gastron\u00f4mica e shows de Olodum, Filipe Escandurras e Jorge Vercillo.<\/p>\n<p>\u00a0<\/p>\n<p>\t\t\t\t<script async src=\"\/\/www.instagram.com\/embed.js\"><\/script><\/p>\n","protected":false},"excerpt":{"rendered":"O escultor baiano Wesley Souza, de 28 anos, viu seu trabalho ganhar proje\u00e7\u00e3o nacional ap\u00f3s uma de suas&hellip;\n","protected":false},"author":2,"featured_media":156723,"comment_status":"","ping_status":"","sticky":false,"template":"","format":"standard","meta":{"footnotes":""},"categories":[144],"tags":[207,205,206,203,201,202,204,114,115,32,33],"class_list":{"0":"post-156722","1":"post","2":"type-post","3":"status-publish","4":"format-standard","5":"has-post-thumbnail","7":"category-arte-e-design","8":"tag-arte","9":"tag-arte-e-design","10":"tag-artedesign","11":"tag-arts","12":"tag-arts-and-design","13":"tag-artsanddesign","14":"tag-design","15":"tag-entertainment","16":"tag-entretenimento","17":"tag-portugal","18":"tag-pt"},"share_on_mastodon":{"url":"https:\/\/pubeurope.com\/@pt\/115572049353545030","error":""},"_links":{"self":[{"href":"https:\/\/www.europesays.com\/pt\/wp-json\/wp\/v2\/posts\/156722","targetHints":{"allow":["GET"]}}],"collection":[{"href":"https:\/\/www.europesays.com\/pt\/wp-json\/wp\/v2\/posts"}],"about":[{"href":"https:\/\/www.europesays.com\/pt\/wp-json\/wp\/v2\/types\/post"}],"author":[{"embeddable":true,"href":"https:\/\/www.europesays.com\/pt\/wp-json\/wp\/v2\/users\/2"}],"replies":[{"embeddable":true,"href":"https:\/\/www.europesays.com\/pt\/wp-json\/wp\/v2\/comments?post=156722"}],"version-history":[{"count":0,"href":"https:\/\/www.europesays.com\/pt\/wp-json\/wp\/v2\/posts\/156722\/revisions"}],"wp:featuredmedia":[{"embeddable":true,"href":"https:\/\/www.europesays.com\/pt\/wp-json\/wp\/v2\/media\/156723"}],"wp:attachment":[{"href":"https:\/\/www.europesays.com\/pt\/wp-json\/wp\/v2\/media?parent=156722"}],"wp:term":[{"taxonomy":"category","embeddable":true,"href":"https:\/\/www.europesays.com\/pt\/wp-json\/wp\/v2\/categories?post=156722"},{"taxonomy":"post_tag","embeddable":true,"href":"https:\/\/www.europesays.com\/pt\/wp-json\/wp\/v2\/tags?post=156722"}],"curies":[{"name":"wp","href":"https:\/\/api.w.org\/{rel}","templated":true}]}}