{"id":156726,"date":"2025-11-18T18:13:21","date_gmt":"2025-11-18T18:13:21","guid":{"rendered":"https:\/\/www.europesays.com\/pt\/156726\/"},"modified":"2025-11-18T18:13:21","modified_gmt":"2025-11-18T18:13:21","slug":"fm-o-dia-vitoria-celebra-1-ano-com-historias-de-ouvintes","status":"publish","type":"post","link":"https:\/\/www.europesays.com\/pt\/156726\/","title":{"rendered":"FM O Dia Vit\u00f3ria celebra 1 ano com hist\u00f3rias de ouvintes"},"content":{"rendered":"<p>Quando a FM O Dia <strong><a href=\"https:\/\/www.folhavitoria.com.br\/tag\/vitoria\/\" target=\"_blank\" rel=\"noreferrer noopener nofollow\">Vit\u00f3ria<\/a><\/strong> estreou, na manh\u00e3 de 18 de novembro de 2024, <strong>Shirley Marcos, 50,<\/strong> fez quest\u00e3o de ser a primeira a mandar mensagem para a r\u00e1dio. Ela at\u00e9 colocou o despertador mais cedo para registrar o in\u00edcio da transmiss\u00e3o em terras capixabas e desejar sucesso \u00e0 equipe.<\/p>\n<p><strong>\u201cEu falei: \u2018amiga, s\u00f3 voc\u00ea e a FM O Dia pra me acordarem cedo!\u2019\u201d<\/strong>, relembrou a aposentada, citando o que disse \u00e0 amiga e locutora da r\u00e1dio, Carolzinha. Desde ent\u00e3o, Shirley j\u00e1 participou de promo\u00e7\u00f5es, como a que garantiu ingresso para o<strong> <a href=\"https:\/\/www.folhavitoria.com.br\/cultura\/entretenimento\/fm-o-dia-lanca-e-no-pagode-com-show-exclusivo-do-samba-junior\/\" target=\"_blank\" rel=\"noreferrer noopener nofollow\">\u201c\u00c9 No Pagode \u2013 Ao Vivo\u201d<\/a><\/strong>, e n\u00e3o perde um dia da programa\u00e7\u00e3o.<\/p>\n<p>O porteiro <strong>Paulo Roberto Pereira<\/strong> acompanha a Carolzinha desde antes de ela chegar \u00e0 FM O Dia e manteve o h\u00e1bito quando ela passou a integrar a emissora.<strong> \u201cAs resenhas dos locutores s\u00e3o top. Sempre ou\u00e7o tamb\u00e9m no hor\u00e1rio do Vitor e da Marla. Locutores nota 1000.\u201d<\/strong><\/p>\n<p><img loading=\"lazy\" decoding=\"async\" width=\"1320\" height=\"768\" src=\"data:image\/svg+xml,%3Csvg%20xmlns=\" http:=\"\" alt=\"\" class=\"wp-image-7708087\" data-lazy- data-lazy- data-lazy-src=\"https:\/\/www.europesays.com\/pt\/wp-content\/uploads\/2025\/11\/paulo-e-shirley-aniversario-fm-o-dia.jpg\"\/>Shirley e Paulo com os locutores Carolzinha e Vitor Moreno (Foto: Acervo pessoal)<\/p>\n<p>Conex\u00e3o al\u00e9m do est\u00fadio<\/p>\n<p>Ao longo do primeiro ano no ar, a r\u00e1dio se tornou parte da vida e da rotina dos capixabas. Para <strong>Marla Bermudes<\/strong>, que apresenta a faixa da manh\u00e3, a rela\u00e7\u00e3o constru\u00edda com os ouvintes \u00e9 a grande for\u00e7a da FM O Dia Vit\u00f3ria. Muitas vezes, essa conex\u00e3o vai al\u00e9m do est\u00fadio.<\/p>\n<blockquote>\n<p>\u201cS\u00e3o tantas hist\u00f3rias\u2026 Um ouvinte ouviu que eu estava de dieta e apareceu na r\u00e1dio com uma caixa de ovos caipiras. Uma vez, fui abastecer o carro e o frentista disse: \u2018Sou seu ouvinte todo dia de manh\u00e3\u2019. Ficamos conversando um temp\u00e3o; Ou a Cris, de Vila Gra\u00fana, que disse uma vez que a FM O Dia \u00e9 o combust\u00edvel da vida dela. Para mim e para o Moreno, isso \u00e9 muito gratificante.\u201d<\/p>\n<p>Marla Bermudes<\/p><\/blockquote>\n<p><img loading=\"lazy\" decoding=\"async\" width=\"1320\" height=\"768\" src=\"data:image\/svg+xml,%3Csvg%20xmlns=\" http:=\"\" alt=\"\" class=\"wp-image-7708092\" data-lazy- data-lazy- data-lazy-src=\"https:\/\/www.europesays.com\/pt\/wp-content\/uploads\/2025\/11\/marla-bermudes-fm-o-dia-.jpg\"\/>Marla ganhou ovos caipiras de uma ouvinte porque contou que estava de dieta (Foto: Acervo pessoal)<\/p>\n<p><strong>Vitor Moreno<\/strong>, colega de Marla no programa, compartilha a mesma percep\u00e7\u00e3o. Para ele, a <strong><a href=\"https:\/\/www.folhavitoria.com.br\/cultura\/musica\/\" target=\"_blank\" rel=\"noreferrer noopener nofollow\">m\u00fasica<\/a><\/strong> tem o poder de transformar sentimentos, sensa\u00e7\u00f5es e autoestima. \u201c\u00c0s vezes o ouvinte diz que acordou triste. Mesmo lendo isso no ar, tentamos irradiar alegria para que ele fique mais animado enquanto est\u00e1 ouvindo.\u201d<\/p>\n<p>Entre os ouvintes fi\u00e9is, <strong>Pamella Alexandrino<\/strong>, 34, foi a vencedora da promo\u00e7\u00e3o de anivers\u00e1rio da r\u00e1dio e viajou com tr\u00eas amigos ao <strong><a href=\"https:\/\/www.folhavitoria.com.br\/tag\/rio-de-janeiro\/\" target=\"_blank\" rel=\"noreferrer noopener nofollow\">Rio de Janeiro<\/a><\/strong> para participar da Maratona da Alegria. A enfermeira conta que a FM O Dia j\u00e1 fez diferen\u00e7a em momentos dif\u00edceis.<\/p>\n<blockquote>\n<p>Teve um dia em que eu estava completamente sobrecarregada. Eu coloquei a r\u00e1dio meio no autom\u00e1tico, s\u00f3 pra ter algum som no fundo, e acabou que uma m\u00fasica que eu adorava come\u00e7ou a tocar. Foi tipo\u2026 um respiro. E n\u00e3o foi s\u00f3 a m\u00fasica. \u00c0s vezes \u00e9 aquele locutor falando algo leve, lendo mensagem de ouvinte, fazendo a gente rir de uma bobagem.<\/p>\n<p>Pamella Alexandrino<\/p><\/blockquote>\n<p><img loading=\"lazy\" decoding=\"async\" width=\"1320\" height=\"768\" src=\"data:image\/svg+xml,%3Csvg%20xmlns=\" http:=\"\" alt=\"\" class=\"wp-image-7708097\" data-lazy- data-lazy- data-lazy-src=\"https:\/\/www.europesays.com\/pt\/wp-content\/uploads\/2025\/11\/pamela-viagem-rj-1.jpg\"\/>Pamella Alexandrino com os amigos Caique Medeiros, H\u00e9rica Soares, Vin\u00edcius Soares, na Maratona da Alegria (Foto: Acervo pessoal)<\/p>\n<p>A locutora Carolzinha conta que s\u00e3o frequentes os relatos de ouvintes que estavam em depress\u00e3o ou simplesmente precisavam de companhia.<\/p>\n<blockquote>\n<p>Uma vez algu\u00e9m me disse: \u2018Minha m\u00e3e morreu, mas voc\u00ea conseguiu me animar. Obrigada\u2019. Estamos ali para fazer uma troca com quem est\u00e1 do outro lado. Eles se sentem acolhidos. A r\u00e1dio e a m\u00fasica servem para isso: levar alegria e melhorar o dia da pessoa. <\/p>\n<p>Carolzinha<\/p><\/blockquote>\n<p><img loading=\"lazy\" decoding=\"async\" width=\"1320\" height=\"768\" src=\"data:image\/svg+xml,%3Csvg%20xmlns=\" http:=\"\" alt=\"\" class=\"wp-image-7708101\" data-lazy- data-lazy- data-lazy-src=\"https:\/\/www.europesays.com\/pt\/wp-content\/uploads\/2025\/11\/locutores-fm-o-dia.jpg\"\/>Os locutores da FM O Dia Vit\u00f3ria: Rabannada Dj, Marla Bermudes, Carolzinha e Vitor Moreno (Foto: Acervo pessoal)<\/p>\n","protected":false},"excerpt":{"rendered":"Quando a FM O Dia Vit\u00f3ria estreou, na manh\u00e3 de 18 de novembro de 2024, Shirley Marcos, 50,&hellip;\n","protected":false},"author":2,"featured_media":156727,"comment_status":"","ping_status":"","sticky":false,"template":"","format":"standard","meta":{"footnotes":""},"categories":[141],"tags":[114,115,149,150,32,33,766,33640,12008],"class_list":{"0":"post-156726","1":"post","2":"type-post","3":"status-publish","4":"format-standard","5":"has-post-thumbnail","7":"category-musica","8":"tag-entertainment","9":"tag-entretenimento","10":"tag-music","11":"tag-musica","12":"tag-portugal","13":"tag-pt","14":"tag-radio","15":"tag-rede-vitoria","16":"tag-vitoria-es"},"share_on_mastodon":{"url":"https:\/\/pubeurope.com\/@pt\/115572061219953718","error":""},"_links":{"self":[{"href":"https:\/\/www.europesays.com\/pt\/wp-json\/wp\/v2\/posts\/156726","targetHints":{"allow":["GET"]}}],"collection":[{"href":"https:\/\/www.europesays.com\/pt\/wp-json\/wp\/v2\/posts"}],"about":[{"href":"https:\/\/www.europesays.com\/pt\/wp-json\/wp\/v2\/types\/post"}],"author":[{"embeddable":true,"href":"https:\/\/www.europesays.com\/pt\/wp-json\/wp\/v2\/users\/2"}],"replies":[{"embeddable":true,"href":"https:\/\/www.europesays.com\/pt\/wp-json\/wp\/v2\/comments?post=156726"}],"version-history":[{"count":0,"href":"https:\/\/www.europesays.com\/pt\/wp-json\/wp\/v2\/posts\/156726\/revisions"}],"wp:featuredmedia":[{"embeddable":true,"href":"https:\/\/www.europesays.com\/pt\/wp-json\/wp\/v2\/media\/156727"}],"wp:attachment":[{"href":"https:\/\/www.europesays.com\/pt\/wp-json\/wp\/v2\/media?parent=156726"}],"wp:term":[{"taxonomy":"category","embeddable":true,"href":"https:\/\/www.europesays.com\/pt\/wp-json\/wp\/v2\/categories?post=156726"},{"taxonomy":"post_tag","embeddable":true,"href":"https:\/\/www.europesays.com\/pt\/wp-json\/wp\/v2\/tags?post=156726"}],"curies":[{"name":"wp","href":"https:\/\/api.w.org\/{rel}","templated":true}]}}