{"id":156735,"date":"2025-11-18T18:19:51","date_gmt":"2025-11-18T18:19:51","guid":{"rendered":"https:\/\/www.europesays.com\/pt\/156735\/"},"modified":"2025-11-18T18:19:51","modified_gmt":"2025-11-18T18:19:51","slug":"ue-vai-acabar-com-os-minimis-e-o-fim-da-era-das-compras-baratas-na-shein-e-temu","status":"publish","type":"post","link":"https:\/\/www.europesays.com\/pt\/156735\/","title":{"rendered":"UE vai acabar com os &#8220;minimis&#8221;. \u00c9 o fim da era das compras baratas na Shein e Temu?"},"content":{"rendered":"<p class=\"wp-caption-text top\">ZAP \/\/ Shein; Temu; Wavebreakmedia  \/ Depositphotos <\/p>\n<p><img decoding=\"async\" loading=\"lazy\" class=\"size-kopa-image-size-3 wp-image-676473\" src=\"https:\/\/www.europesays.com\/pt\/wp-content\/uploads\/2025\/11\/4124bc0a9335c27f086f24ba207a4912-783x450.jpg\" alt=\"\" width=\"700\" height=\"402\"  \/><\/p>\n<p><strong>Poder\u00e1 estar finalmente a terminar a \u00e9poca das capas de telem\u00f3vel super-baratas que chegam da China em poucos dias? Uma altera\u00e7\u00e3o de peso na regulamenta\u00e7\u00e3o europeia pode bem ditar esse desfecho \u2014 mas prejudicar tamb\u00e9m as empresas europeias.<br \/><\/strong><\/p>\n<p>Os ministros das Finan\u00e7as da Uni\u00e3o Europeia acordaram aplicar direitos aduaneiros \u00e0s encomendas de baixo valor que entrem no espa\u00e7o europeu a partir do pr\u00f3ximo ano, <strong>eliminando a isen\u00e7\u00e3o \u201cde minimis\u201d<\/strong> para bens abaixo dos 150 euros.<\/p>\n<p>A medida da UE \u00e9 vista como uma forma de<strong> travar o fluxo de importa\u00e7\u00f5es baratas<\/strong> provenientes da China por via de plataformas como a Shein e a Temu.<\/p>\n<p>Estes produtos representam agora a maioria dos <strong>4,6 mil milh\u00f5es de pequenas encomendas<\/strong> anuais que chegam \u00e0 UE, mais de <strong>90% das quais com origem na China<\/strong>.<\/p>\n<p>A decis\u00e3o alinha a UE com a recente op\u00e7\u00e3o do governo norte-americano, que tamb\u00e9m <a href=\"https:\/\/zap.aeiou.pt\/minimis-porque-temu-e-shein-sao-a-nova-ameaca-comercial-da-europa-676458\" data-wpel-link=\"internal\" rel=\"nofollow noopener\" target=\"_blank\">acabou com a sua pr\u00f3pria isen\u00e7\u00e3o de minimis<\/a> para produtos de com\u00e9rcio eletr\u00f3nico oriundos da China.<\/p>\n<p><strong>Empresas como a Shein e a Temu<\/strong>, que dependem do envio de volumes gigantescos de encomendas de baixo valor diretamente dos armaz\u00e9ns chineses para os consumidores, <strong>ser\u00e3o as mais penalizadas<\/strong> com a altera\u00e7\u00e3o na legisla\u00e7\u00e3o europeia.<\/p>\n<p>\u201c\u00c9 dif\u00edcil imaginar uma solu\u00e7\u00e3o simples para contornar o fim das isen\u00e7\u00f5es, mas sendo uma medida que segue de perto o que os EUA fizeram, as duas empresas j\u00e1<strong> certamente estar\u00e3o a preparar alternativas<\/strong>\u201d, afirma o especialista em com\u00e9rcio eletr\u00f3nico <strong>Ben Graham<\/strong>, citado pela <a href=\"https:\/\/www.fastcompany.com\/91441712\/europe-shein-temu-china-ecommerce-trump\" data-wpel-link=\"external\" target=\"_blank\" rel=\"nofollow external noopener noreferrer\" class=\"ext-link\">Fast Company<\/a>.<\/p>\n<p>A mudan\u00e7a pretende<strong> tornar o com\u00e9rcio eletr\u00f3nico mais competitivo<\/strong> em todos os canais digitais. Por isso, est\u00e1 a ser apresentada como uma vit\u00f3ria significativa para a UE, ainda que, na pr\u00e1tica, siga uma <strong>linha semelhante<\/strong> \u00e0 adotada pelos Estados Unidos no in\u00edcio do ano sob a presid\u00eancia de Donald Trump.<\/p>\n<p>No entanto, embora o alvo evidente sejam a Shein e a Temu, o impacto poder\u00e1 <strong>tamb\u00e9m prejudicar empresas locais<\/strong>, tanto europeias como norte-americanas.<\/p>\n<p>\u201cA elimina\u00e7\u00e3o de minimis est\u00e1 a <strong>redesenhar o com\u00e9rcio eletr\u00f3nico<\/strong> global\u201d, diz<strong> Ronald Kleijwegt<\/strong>, CEO da plataforma log\u00edstica <a href=\"https:\/\/vinturas.com\/\" data-wpel-link=\"external\" target=\"_blank\" rel=\"nofollow external noopener noreferrer\" class=\"ext-link\">Vinturas<\/a>. \u201cOs exportadores europeus passam agora a enfrentar tarifas em artigos de baixo valor, mais burocracia e <strong>custos de envio mais elevados quando vendem para os EUA<\/strong>\u201d.<\/p>\n<p><strong>O impacto \u00e9 m\u00fatuo<\/strong>, diz Kleijwegt: \u201cAs pequenas empresas norte-americanas perdem acesso a produtos europeus a pre\u00e7os acess\u00edveis, enquanto as pequenas e m\u00e9dias empresas europeias<strong> deixam de beneficiar de acesso<\/strong> isento de tarifas ao mercado norte-americano\u201d.<\/p>\n<p><strong>N\u00e3o \u00e9 apenas a famosa vantagem fiscal<\/strong> de minimis que est\u00e1 em causa na Europa: Bruxelas tamb\u00e9m pondera introduzir uma <a href=\"https:\/\/zap.aeiou.pt\/2-euros-e-ridiculo-taxa-da-ue-sobre-shein-e-temu-devia-ser-20-diz-associacao-textil-portuguesa-679633\" data-wpel-link=\"internal\" rel=\"nofollow noopener\" target=\"_blank\">taxa de processamento de 2 euros<\/a> sobre cada encomenda de baixo valor e est\u00e1 a pressionar os Estados-membros para <strong>travarem a sub-declara\u00e7\u00e3o<\/strong>, que permite que muitos pacotes passem despercebidos nas alf\u00e2ndegas.<\/p>\n<p>Alguns pa\u00edses, como a Rom\u00e9nia e a It\u00e1lia, <strong>j\u00e1 avan\u00e7aram com taxas nacionais<\/strong> enquanto aguardam a entrada em vigor do novo regime europeu.<\/p>\n<p>Quest\u00e3o existencial ou apenas um golpe duro?<\/p>\n<p>A d\u00favida \u00e9 se a Temu e a Shein enfrentar\u00e3o uma simples compress\u00e3o das margens ou uma amea\u00e7a ao pr\u00f3prio modelo de neg\u00f3cio.<\/p>\n<p><strong>Roberto Lobue<\/strong>, s\u00f3cio e especialista no setor retalhista na consultora Menzies, acredita que<strong> o impacto ser\u00e1 r\u00e1pido e profundo<\/strong>.<\/p>\n<p>\u201cDesde que os EUA acabaram com o seu limite de minimis, a quantidade de artigos de baixo valor exportados para o mercado norte-americano<strong> caiu drasticamente<\/strong>, levando empresas como a Shein e a Temu a concentrarem-se cada vez mais na Europa\u201d, afirma.<\/p>\n<p>\u201cCom a Europa a tornar-se a porta alternativa para bens de baixo valor, n\u00e3o surpreende que a <strong>UE tenha decidido acelerar a revers\u00e3o da isen\u00e7\u00e3o<\/strong> j\u00e1 no pr\u00f3ximo ano\u201d. Para Lobue,<strong> \u00e9 o fim das isen\u00e7\u00f5es de taxas<\/strong> a partir do primeiro euro que come\u00e7a a <strong>p\u00f4r em causa o modelo Temu\/Shein<\/strong>.<\/p>\n<p>\u201cQuando direitos aduaneiros e taxas de manuseamento come\u00e7am a aplicar-se desde o valor m\u00ednimo, os pre\u00e7os sobem, <strong>a log\u00edstica complica-se<\/strong> e a Shein e a Temu ter\u00e3o de <strong>migrar para importa\u00e7\u00f5es em massa, armazenagem na UE<\/strong> e maior rigor aduaneiro\u201d, diz.<\/p>\n<p>\u201cEsta mudan\u00e7a <strong>elimina uma distor\u00e7\u00e3o concorrencial<\/strong> h\u00e1 muito criticada e dever\u00e1 refrear as compras por impulso que alimentam estas plataformas, j\u00e1 que at\u00e9 pequenas taxas adicionais podem ter um efeito significativo\u201d, acrescenta Lobue.<\/p>\n<p><strong>\u00c0 medida que os pre\u00e7os sobem<\/strong>, alerta Lobue, o prop\u00f3sito central das duas plataformas \u2014 os pre\u00e7os ultra-baixos \u2014 perde for\u00e7a. \u201cCom o encarecimento dos produtos, <strong>concorrentes como a Amazon j\u00e1 est\u00e3o a posicionar-se<\/strong> para captar ca\u00e7adores de pechinchas, com o <a href=\"https:\/\/zap.aeiou.pt\/amazon-haul-novo-servico-tem-precos-imbativeis-e-quer-destronar-shein-e-temu-640762\" data-wpel-link=\"internal\" rel=\"nofollow noopener\" target=\"_blank\">lan\u00e7amento da fun\u00e7\u00e3o Haul<\/a>\u201c, afirma.<\/p>\n<p><strong>Julian Skelly<\/strong>, managing partner de retalho na Publicis Sapient, acredita que a Temu e a Shein <strong>n\u00e3o v\u00e3o desaparecer \u2014 mas ter\u00e3o de evoluir<\/strong>. \u201cConstru\u00edram capacidades impressionantes em log\u00edstica direta para o consumidor e na leitura da procura; agora <strong>ter\u00e3o de aplicar essas vantagens de forma diferente<\/strong>\u201d, afirma.<\/p>\n<p>    <a href=\"https:\/\/zap.aeiou.pt\/subscrever-newsletter\" data-wpel-link=\"internal\" rel=\"nofollow noopener\" target=\"_blank\">&#13;<br \/>\n        <img loading=\"lazy\" decoding=\"async\" class=\"aligncenter size-full wp-image-575475\" src=\"https:\/\/www.europesays.com\/pt\/wp-content\/uploads\/2025\/11\/2d51fe4a0ba54894421ead1809309ed9-1-450x140.jpg\" alt=\"Subscreva a Newsletter ZAP\" width=\"450\" height=\"140\"\/>&#13;<br \/>\n    <\/a><\/p>\n<p>                <a href=\"https:\/\/whatsapp.com\/channel\/0029VaIC4EE2f3EJZPPSbR34\" data-wpel-link=\"external\" target=\"_blank\" rel=\"nofollow external noopener noreferrer\" class=\"ext-link\">&#13;<br \/>\n                    <img loading=\"lazy\" decoding=\"async\" class=\"aligncenter size-full wp-image-575475\" src=\"https:\/\/www.europesays.com\/pt\/wp-content\/uploads\/2025\/11\/c68c559d956d4ca20f435ed74a6e71e6.png\" alt=\"Siga-nos no WhatsApp\" width=\"175\" height=\"64\"\/>&#13;<br \/>\n                <\/a><\/p>\n<p>                <a href=\"https:\/\/news.google.com\/publications\/CAAiEHRwZondIV71PDjWNoqMduEqFAgKIhB0cGaJ3SFe9Tw41jaKjHbh?hl=en-US&amp;gl=US&amp;ceid=US%3Aen\" data-wpel-link=\"external\" target=\"_blank\" rel=\"nofollow external noopener noreferrer\" class=\"ext-link\">&#13;<br \/>\n                    <img loading=\"lazy\" decoding=\"async\" class=\"aligncenter size-full wp-image-575475\" src=\"https:\/\/www.europesays.com\/pt\/wp-content\/uploads\/2025\/11\/5123dd8b087b644fdb8f8603acd1bad4.png\" alt=\"Siga-nos no Google News\" width=\"176\" height=\"64\"\/>&#13;<br \/>\n                <\/a><\/p>\n","protected":false},"excerpt":{"rendered":"ZAP \/\/ Shein; Temu; Wavebreakmedia \/ Depositphotos Poder\u00e1 estar finalmente a terminar a \u00e9poca das capas de telem\u00f3vel&hellip;\n","protected":false},"author":2,"featured_media":156736,"comment_status":"","ping_status":"","sticky":false,"template":"","format":"standard","meta":{"footnotes":""},"categories":[83],"tags":[88,3398,89,90,15429,93,2501,4007,32,33,10276,3718],"class_list":{"0":"post-156735","1":"post","2":"type-post","3":"status-publish","4":"format-standard","5":"has-post-thumbnail","7":"category-empresas","8":"tag-business","9":"tag-comercio","10":"tag-economy","11":"tag-empresas","12":"tag-fisco","13":"tag-guerra-comercial","14":"tag-impostos","15":"tag-politica-internacional","16":"tag-portugal","17":"tag-pt","18":"tag-shein","19":"tag-temu"},"share_on_mastodon":{"url":"https:\/\/pubeurope.com\/@pt\/115572088970594006","error":""},"_links":{"self":[{"href":"https:\/\/www.europesays.com\/pt\/wp-json\/wp\/v2\/posts\/156735","targetHints":{"allow":["GET"]}}],"collection":[{"href":"https:\/\/www.europesays.com\/pt\/wp-json\/wp\/v2\/posts"}],"about":[{"href":"https:\/\/www.europesays.com\/pt\/wp-json\/wp\/v2\/types\/post"}],"author":[{"embeddable":true,"href":"https:\/\/www.europesays.com\/pt\/wp-json\/wp\/v2\/users\/2"}],"replies":[{"embeddable":true,"href":"https:\/\/www.europesays.com\/pt\/wp-json\/wp\/v2\/comments?post=156735"}],"version-history":[{"count":0,"href":"https:\/\/www.europesays.com\/pt\/wp-json\/wp\/v2\/posts\/156735\/revisions"}],"wp:featuredmedia":[{"embeddable":true,"href":"https:\/\/www.europesays.com\/pt\/wp-json\/wp\/v2\/media\/156736"}],"wp:attachment":[{"href":"https:\/\/www.europesays.com\/pt\/wp-json\/wp\/v2\/media?parent=156735"}],"wp:term":[{"taxonomy":"category","embeddable":true,"href":"https:\/\/www.europesays.com\/pt\/wp-json\/wp\/v2\/categories?post=156735"},{"taxonomy":"post_tag","embeddable":true,"href":"https:\/\/www.europesays.com\/pt\/wp-json\/wp\/v2\/tags?post=156735"}],"curies":[{"name":"wp","href":"https:\/\/api.w.org\/{rel}","templated":true}]}}