{"id":156737,"date":"2025-11-18T18:21:11","date_gmt":"2025-11-18T18:21:11","guid":{"rendered":"https:\/\/www.europesays.com\/pt\/156737\/"},"modified":"2025-11-18T18:21:11","modified_gmt":"2025-11-18T18:21:11","slug":"psp-criminalidade-violenta-e-grave-na-grande-lisboa-desceu-19-ate-setembro-crime","status":"publish","type":"post","link":"https:\/\/www.europesays.com\/pt\/156737\/","title":{"rendered":"PSP: criminalidade violenta e grave na Grande Lisboa desceu 1,9% at\u00e9 Setembro | Crime"},"content":{"rendered":"<p>A criminalidade geral na \u00e1rea da Grande Lisboa aumentou cerca de 6% nos primeiros dez meses do ano em rela\u00e7\u00e3o ao mesmo per\u00edodo de 2024, enquanto a criminalidade violenta e grave desceu 1,9%, revelou nesta ter\u00e7a-feira a Pol\u00edcia de Seguran\u00e7a P\u00fablica (PSP).<\/p>\n<p>&#8220;Na \u00e1rea do Cometlis [Comando Metropolitano de Lisboa], embora nos primeiros dez meses de 2025 tenhamos registado um aumento da criminalidade geral de cerca 6,1%, verificou-se, por outro lado, que a <a href=\"https:\/\/www.publico.pt\/2024\/11\/20\/local\/noticia\/criminalidade-violenta-area-metropolitana-lisboa-estagnou-ano-2112661\" rel=\"nofollow noopener\" target=\"_blank\">criminalidade violenta e grave<\/a> diminuiu 1,9% face a igual per\u00edodo de 2024&#8243;, disse o comandante do Cometlis, Lu\u00eds Elias, na cerim\u00f3nia que assinalou os 158 anos do maior comando da pol\u00edcia do pa\u00eds.<\/p>\n<p>O comandante do Comando Metropolitano de Lisboa da PSP considerou &#8220;uma tend\u00eancia muito relevante&#8221; esta descida da criminalidade violenta e grave, porque os crimes relacionadas com este tipo de criminalidade &#8220;s\u00e3o aqueles que maior impacto tem no sentimento de seguran\u00e7a dos cidad\u00e3os&#8221;.<\/p>\n<p>No \u00e2mbito da criminalidade geral, os crimes que mais aumentaram este ano foram a condu\u00e7\u00e3o sem habilita\u00e7\u00e3o legal e excesso de \u00e1lcool, desobedi\u00eancia e<a href=\"https:\/\/www.publico.pt\/2025\/04\/08\/sociedade\/noticia\/carteiristas-detidos-psp-aumentaram-43-ano-passado-total-149-2128932\" rel=\"nofollow noopener\" target=\"_blank\"> furtos por carteirista<\/a>, indicou.<\/p>\n<p>Lu\u00eds Elias destacou tamb\u00e9m &#8220;um aumento substancial, de 64,5% (+2829 delitos), nos crimes intimamente ligados \u00e0 actividade policial&#8221;, como \u00e9 o caso dos crimes rodovi\u00e1rios, <a href=\"https:\/\/www.publico.pt\/trafico-de-droga\" rel=\"nofollow noopener\" target=\"_blank\">tr\u00e1fico de droga<\/a> e desobedi\u00eancia.<\/p>\n<p>J\u00e1 os crimes que mais desceram, no \u00e2mbito a criminalidade violenta e grave, foram os roubos na via p\u00fablica.<\/p>\n<p>Para o comandante do Cometlis, &#8220;n\u00e3o se deve analisar a evolu\u00e7\u00e3o da criminalidade de \u00e2nimo leve, com abordagens casu\u00edsticas e aleat\u00f3rias&#8221;.<\/p>\n<p>Nesse sentido, defendeu a realiza\u00e7\u00e3o peri\u00f3dica, que podia ser anual, &#8220;de inqu\u00e9ritos de vitima\u00e7\u00e3o em parceria com universidades de refer\u00eancia, no sentido de comparar as <a href=\"https:\/\/www.publico.pt\/2025\/03\/27\/sociedade\/noticia\/criminalidade-desceu-lisboa-ano-passado-subiu-interior-2127651\" rel=\"nofollow noopener\" target=\"_blank\">estat\u00edsticas oficiais da criminalidade<\/a> publicadas atrav\u00e9s do Relat\u00f3rio Anual de Seguran\u00e7a Interna com os sentimentos de seguran\u00e7a expressos pelos cidad\u00e3os nestes estudos cient\u00edficos&#8221;.<\/p>\n<p>&#8220;S\u00f3 assim podemos fomentar uma <a href=\"https:\/\/www.publico.pt\/2024\/07\/15\/local\/noticia\/norma-percepcao-inseguranca-nao-acompanha-numeros-criminalidade-2097536\" rel=\"nofollow noopener\" target=\"_blank\">cultura de seguran\u00e7a<\/a> e um conhecimento informado, assim como fazer frente \u00e0 desinforma\u00e7\u00e3o e \u00e0 explora\u00e7\u00e3o sensacionalista sobre os temas da criminalidade e da seguran\u00e7a&#8221;, sublinhou.<\/p>\n<p>O comandante do Cometlis sustentou que n\u00e3o se pode &#8220;olhar para a criminalidade comum ou criminalidade de massa como meras bagatelas penais&#8221;, como os furtos por carteiristas, furtos em resid\u00eancias e em edif\u00edcios comerciais.<\/p>\n<p>&#8220;Esta criminalidade \u00e9 tamb\u00e9m organizada, assume por vezes contornos transnacionais, sendo altamente perturbadora da liberdade e sentimento de seguran\u00e7a das pessoas, provocando elevados preju\u00edzos patrimoniais&#8221;, precisou.<\/p>\n<p>Segundo Lu\u00eds Elias, &#8220;os conceitos tradicionais de criminalidade est\u00e3o cada vez mais postos em causa face \u00e0 rela\u00e7\u00e3o entre a criminalidade organizada, a criminalidade violenta e grave e a dita criminalidade comum&#8221;.<\/p>\n<p>O oficial da PSP explicou ainda que &#8220;os grupos criminosos est\u00e3o relacionados entre si, prestam servi\u00e7os uns aos outros, utilizam as novas tecnologias para planear, cometer e branquear os lucros da sua actividade il\u00edcita&#8221;.<\/p>\n<p>&#8220;Por isso, todos somos poucos para prevenir e combater o crime. \u00c9 fundamental a coopera\u00e7\u00e3o, coordena\u00e7\u00e3o, a troca de informa\u00e7\u00f5es com reciprocidade entre todas as for\u00e7as e servi\u00e7os de seguran\u00e7a, sem estere\u00f3tipos e sem preconceitos&#8221;, disse.<\/p>\n","protected":false},"excerpt":{"rendered":"A criminalidade geral na \u00e1rea da Grande Lisboa aumentou cerca de 6% nos primeiros dez meses do ano&hellip;\n","protected":false},"author":2,"featured_media":156738,"comment_status":"","ping_status":"","sticky":false,"template":"","format":"standard","meta":{"footnotes":""},"categories":[10],"tags":[27,28,604,353,15,16,3575,14,603,25,26,797,21,22,12,13,19,20,32,23,24,1306,33,3573,21418,58,17,18,29,30,31],"class_list":{"0":"post-156737","1":"post","2":"type-post","3":"status-publish","4":"format-standard","5":"has-post-thumbnail","7":"category-portugal","8":"tag-breaking-news","9":"tag-breakingnews","10":"tag-crime","11":"tag-em-destaque","12":"tag-featured-news","13":"tag-featurednews","14":"tag-forcas-de-seguranca","15":"tag-headlines","16":"tag-justica","17":"tag-latest-news","18":"tag-latestnews","19":"tag-lisboa","20":"tag-main-news","21":"tag-mainnews","22":"tag-news","23":"tag-noticias","24":"tag-noticias-principais","25":"tag-noticiasprincipais","26":"tag-portugal","27":"tag-principais-noticias","28":"tag-principaisnoticias","29":"tag-psp","30":"tag-pt","31":"tag-seguranca-interna","32":"tag-sistema-de-seguranca-interna","33":"tag-sociedade","34":"tag-top-stories","35":"tag-topstories","36":"tag-ultimas","37":"tag-ultimas-noticias","38":"tag-ultimasnoticias"},"share_on_mastodon":{"url":"","error":"Validation failed: Text character limit of 500 exceeded"},"_links":{"self":[{"href":"https:\/\/www.europesays.com\/pt\/wp-json\/wp\/v2\/posts\/156737","targetHints":{"allow":["GET"]}}],"collection":[{"href":"https:\/\/www.europesays.com\/pt\/wp-json\/wp\/v2\/posts"}],"about":[{"href":"https:\/\/www.europesays.com\/pt\/wp-json\/wp\/v2\/types\/post"}],"author":[{"embeddable":true,"href":"https:\/\/www.europesays.com\/pt\/wp-json\/wp\/v2\/users\/2"}],"replies":[{"embeddable":true,"href":"https:\/\/www.europesays.com\/pt\/wp-json\/wp\/v2\/comments?post=156737"}],"version-history":[{"count":0,"href":"https:\/\/www.europesays.com\/pt\/wp-json\/wp\/v2\/posts\/156737\/revisions"}],"wp:featuredmedia":[{"embeddable":true,"href":"https:\/\/www.europesays.com\/pt\/wp-json\/wp\/v2\/media\/156738"}],"wp:attachment":[{"href":"https:\/\/www.europesays.com\/pt\/wp-json\/wp\/v2\/media?parent=156737"}],"wp:term":[{"taxonomy":"category","embeddable":true,"href":"https:\/\/www.europesays.com\/pt\/wp-json\/wp\/v2\/categories?post=156737"},{"taxonomy":"post_tag","embeddable":true,"href":"https:\/\/www.europesays.com\/pt\/wp-json\/wp\/v2\/tags?post=156737"}],"curies":[{"name":"wp","href":"https:\/\/api.w.org\/{rel}","templated":true}]}}