{"id":156739,"date":"2025-11-18T18:22:28","date_gmt":"2025-11-18T18:22:28","guid":{"rendered":"https:\/\/www.europesays.com\/pt\/156739\/"},"modified":"2025-11-18T18:22:28","modified_gmt":"2025-11-18T18:22:28","slug":"empresario-americano-roubado-a-mao-armada","status":"publish","type":"post","link":"https:\/\/www.europesays.com\/pt\/156739\/","title":{"rendered":"Empres\u00e1rio Americano Roubado \u00e0 M\u00e3o Armada"},"content":{"rendered":"<p>O norte-americano preparava-se para estacionar o carro quando ter\u00e1 sido abordado por dois homens, armados, que lhe ter\u00e3o levado um rel\u00f3gio Rolex, segundo a informa\u00e7\u00e3o avan\u00e7ada tamb\u00e9m para TVI.<\/p>\n<p>De acordo com a esta\u00e7\u00e3o de televis\u00e3o, os autores do roubo ter\u00e3o conseguido fugir, sem serem identificados, em duas motas que utilizaram para o efeito. O jornal 24 horas publicou, entretanto, um v\u00eddeo do momento do assalto nas suas redes sociais, em que se v\u00ea o empres\u00e1rio a ser abordado, enquanto estava dentro do seu Porsche, pelos dois suspeitos.<\/p>\n<p>*Artigo alterado \u00e0s 9h24 de dia 18 de novembro, retirando o nome da v\u00edtima, a pedido da pr\u00f3pria<\/p>\n","protected":false},"excerpt":{"rendered":"O norte-americano preparava-se para estacionar o carro quando ter\u00e1 sido abordado por dois homens, armados, que lhe ter\u00e3o&hellip;\n","protected":false},"author":2,"featured_media":156196,"comment_status":"","ping_status":"","sticky":false,"template":"","format":"standard","meta":{"footnotes":""},"categories":[8],"tags":[2446,27,28,15,16,14,25,26,21,22,12,13,19,20,32,23,24,33,17,18,29,30,31],"class_list":{"0":"post-156739","1":"post","2":"type-post","3":"status-publish","4":"format-standard","5":"has-post-thumbnail","7":"category-principais-noticias","8":"tag-assalto","9":"tag-breaking-news","10":"tag-breakingnews","11":"tag-featured-news","12":"tag-featurednews","13":"tag-headlines","14":"tag-latest-news","15":"tag-latestnews","16":"tag-main-news","17":"tag-mainnews","18":"tag-news","19":"tag-noticias","20":"tag-noticias-principais","21":"tag-noticiasprincipais","22":"tag-portugal","23":"tag-principais-noticias","24":"tag-principaisnoticias","25":"tag-pt","26":"tag-top-stories","27":"tag-topstories","28":"tag-ultimas","29":"tag-ultimas-noticias","30":"tag-ultimasnoticias"},"share_on_mastodon":{"url":"https:\/\/pubeurope.com\/@pt\/115572096865142910","error":""},"_links":{"self":[{"href":"https:\/\/www.europesays.com\/pt\/wp-json\/wp\/v2\/posts\/156739","targetHints":{"allow":["GET"]}}],"collection":[{"href":"https:\/\/www.europesays.com\/pt\/wp-json\/wp\/v2\/posts"}],"about":[{"href":"https:\/\/www.europesays.com\/pt\/wp-json\/wp\/v2\/types\/post"}],"author":[{"embeddable":true,"href":"https:\/\/www.europesays.com\/pt\/wp-json\/wp\/v2\/users\/2"}],"replies":[{"embeddable":true,"href":"https:\/\/www.europesays.com\/pt\/wp-json\/wp\/v2\/comments?post=156739"}],"version-history":[{"count":0,"href":"https:\/\/www.europesays.com\/pt\/wp-json\/wp\/v2\/posts\/156739\/revisions"}],"wp:featuredmedia":[{"embeddable":true,"href":"https:\/\/www.europesays.com\/pt\/wp-json\/wp\/v2\/media\/156196"}],"wp:attachment":[{"href":"https:\/\/www.europesays.com\/pt\/wp-json\/wp\/v2\/media?parent=156739"}],"wp:term":[{"taxonomy":"category","embeddable":true,"href":"https:\/\/www.europesays.com\/pt\/wp-json\/wp\/v2\/categories?post=156739"},{"taxonomy":"post_tag","embeddable":true,"href":"https:\/\/www.europesays.com\/pt\/wp-json\/wp\/v2\/tags?post=156739"}],"curies":[{"name":"wp","href":"https:\/\/api.w.org\/{rel}","templated":true}]}}