{"id":156742,"date":"2025-11-18T18:24:16","date_gmt":"2025-11-18T18:24:16","guid":{"rendered":"https:\/\/www.europesays.com\/pt\/156742\/"},"modified":"2025-11-18T18:24:16","modified_gmt":"2025-11-18T18:24:16","slug":"cobertura-fotografica-da-schutzenfest-2025-teve-quase-150-mil-cliques-veja-se-voce-saiu-em-algum","status":"publish","type":"post","link":"https:\/\/www.europesays.com\/pt\/156742\/","title":{"rendered":"Cobertura fotogr\u00e1fica da Sch\u00fctzenfest 2025 teve quase 150 mil cliques; veja se voc\u00ea saiu em algum!"},"content":{"rendered":"<p>A 35\u00aa edi\u00e7\u00e3o da <strong>Sch\u00fctzenfest<\/strong>, maior festa tradicional do Norte catarinense, terminou com um marco hist\u00f3rico: foram <strong>147.112 fotos<\/strong> tiradas pela <strong>equipe Banlek\/JDV<\/strong> ao longo dos 11 dias de evento. Com pavilh\u00f5es lotados e cortejos vibrantes, a cobertura fotogr\u00e1fica registrou desde o brinde inaugural at\u00e9 os \u00faltimos passos na pista de dan\u00e7a.<\/p>\n<p>A tecnologia de reconhecimento facial da plataforma Banlek foi o diferencial que deu escala \u00e0 cobertura. Ao acessar o site <a href=\"http:\/\/fotos.jdv.com.br\" target=\"_blank\" rel=\"noreferrer noopener nofollow\">fotos.jdv.com.br<\/a>, visitantes conseguem localizar suas imagens em segundos, usando apenas a c\u00e2mera do celular para identificar o pr\u00f3prio rosto.<\/p>\n<p>O recurso est\u00e1 dispon\u00edvel para todas as fotos feitas nos pavilh\u00f5es, estandes e desfiles, incluindo as imagens captadas no estande instagram\u00e1vel montado em parceria com o JDV, com cenografia assinada pelo artista M\u00e1rcio Paloschi. <\/p>\n<p class=\"has-text-align-center\"><strong>&gt;&gt; Leia tamb\u00e9m:\u00a0<a href=\"https:\/\/www.jdv.com.br\/cobertura-fotografica-schutzenfest-2025\/\" target=\"_blank\" rel=\"noreferrer noopener nofollow\">Sch\u00fctzenfest 2025 ter\u00e1 a maior cobertura fotogr\u00e1fica da hist\u00f3ria com espa\u00e7o instagram\u00e1vel<\/a><\/strong><\/p>\n<p>As milhares de fotos foram feitas por uma equipe de profissionais locais, que circularam diariamente entre os ambientes da festa. <\/p>\n<p>E, se voc\u00ea esteve no\u00a0<strong>Parque de Eventos\u00a0<\/strong>nem algum dos dias da festa, a chance de ter sido clicado \u00e9 grande. Ent\u00e3o a dica \u00e9 acessar o site e conferir!<\/p>\n<p>A Sch\u00fctzen mais clicada da hist\u00f3ria<\/p>\n<p>A edi\u00e7\u00e3o deste ano marcou a maior cobertura fotogr\u00e1fica da hist\u00f3ria da Sch\u00fctzenfest. Desde o primeiro dia, com mais de 6 mil fotos feitas apenas na abertura, at\u00e9 os \u00faltimos shows e desfiles, a plataforma da Banlek se manteve atualizada com milhares de imagens por noite.<\/p>\n<blockquote class=\"instagram-media\" data-instgrm-permalink=\"https:\/\/www.instagram.com\/reel\/DQz-lxIjwrp\/?utm_source=ig_embed&amp;utm_campaign=loading\" data-instgrm-version=\"14\" style=\" background:#FFF; border:0; border-radius:3px; box-shadow:0 0 1px 0 rgba(0,0,0,0.5),0 1px 10px 0 rgba(0,0,0,0.15); margin: 1px; max-width:540px; min-width:326px; padding:0; width:99.375%; width:-webkit-calc(100% - 2px); width:calc(100% - 2px);\"\/>\n<p>Na sexta-feira (7), por exemplo, foram mais de 12 mil fotos feitas em um \u00fanico dia. No fim de semana seguinte, a marca ultrapassou 22 mil imagens. Com o encerramento da festa no dia 16 de novembro, a soma final chegou nos quase 150 mil.<\/p>\n<p><strong>Confira a galeria com algumas das fotos clicadas pelos fot\u00f3grafos Banlek:<\/strong><\/p>\n<p><img decoding=\"async\" data-id=\"250881\" src=\"https:\/\/www.europesays.com\/pt\/wp-content\/uploads\/2025\/11\/ketlynarrudafotografia-25-scaled.jpg\" alt=\"Duas mulheres com trajes t\u00edpicos da Sch\u00fctzenfest brindam sob tenda decorada\" class=\"wp-image-250881\"\/>Foto: Ketlyn Arruda Fotografia\/Banlek\/JDV<\/p>\n<p><img decoding=\"async\" data-id=\"250877\" src=\"https:\/\/www.europesays.com\/pt\/wp-content\/uploads\/2025\/11\/schutzen-2025-banlek-abner-cypriano-4-scaled.jpg\" alt=\"Mulher com trajes t\u00edpicos oferece chope com sorriso durante a festa\" class=\"wp-image-250877\"\/>Foto: Abner Cypriano\/Banlek\/JDV<\/p>\n<p><img decoding=\"async\" data-id=\"250880\" src=\"https:\/\/www.europesays.com\/pt\/wp-content\/uploads\/2025\/11\/ketlynarrudafotografia-20-scaled.jpg\" alt=\"Homem com traje t\u00edpico levanta os bra\u00e7os em meio \u00e0 dan\u00e7a coletiva na Sch\u00fctzenfest\" class=\"wp-image-250880\"\/>Foto: Ketlyn Arruda Fotografia\/Banlek\/JDV<\/p>\n<p><img decoding=\"async\" data-id=\"250879\" src=\"https:\/\/www.europesays.com\/pt\/wp-content\/uploads\/2025\/11\/schutzen-2025-banlek-abner-cypriano-1-scaled.jpg\" alt=\"Mulher com cocar estilizado e pintura tribal sorri durante a Sch\u00fctzenfest\" class=\"wp-image-250879\"\/>Foto: Abner Cypriano\/Banlek\/JDV<\/p>\n<p><img fetchpriority=\"high\" decoding=\"async\" width=\"1100\" height=\"848\" data-id=\"250876\" src=\"https:\/\/www.europesays.com\/pt\/wp-content\/uploads\/2025\/11\/schutzen-2025-banlek-abner-cypriano-2-scaled-e1763397634106.jpg\" alt=\"Casal com trajes germ\u00e2nicos brinda com chope durante a Sch\u00fctzenfest 2025\" class=\"wp-image-250876\"\/>Foto: Abner Cypriano\/Banlek\/JDV<\/p>\n<p><img decoding=\"async\" data-id=\"250875\" src=\"https:\/\/www.europesays.com\/pt\/wp-content\/uploads\/2025\/11\/schutzen-2025-banlek-abner-cypriano-3-scaled.jpg\" alt=\"Casal jovem posa para foto em noite movimentada da Sch\u00fctzenfest\" class=\"wp-image-250875\"\/>Foto: Abner Cypriano\/Banlek\/JDV<\/p>\n<p>Como isso impacta sua vida?<\/p>\n<p>A cobertura fotogr\u00e1fica da Sch\u00fctzenfest refor\u00e7a a conex\u00e3o entre tradi\u00e7\u00e3o, tecnologia e pertencimento comunit\u00e1rio. Ver-se representado entre milhares \u00e9 reconhecer-se parte de algo maior: a celebra\u00e7\u00e3o da identidade jaraguaense. A iniciativa da Banlek tamb\u00e9m valoriza profissionais locais e impulsiona a economia criativa regional, mostrando como inova\u00e7\u00e3o e cultura podem andar lado a lado.<\/p>\n<p>          <img decoding=\"async\" class=\"cta-logo\" src=\"https:\/\/www.europesays.com\/pt\/wp-content\/uploads\/2025\/10\/logomarca-jdv-2025.webp.webp\" alt=\"JDV - Not\u00edcias de Jaragu\u00e1 do Sul e regi\u00e3o\"\/><\/p>\n<p>\n              Not\u00edcias de Jaragu\u00e1 no seu WhatsApp<br \/>\n                    Fique por dentro de tudo o que acontece na cidade e regi\u00e3o.\n          <\/p>\n<p>    <a class=\"cta-btn\" href=\"https:\/\/chat.whatsapp.com\/GbmX7mdJoy08wT73kW9LuE\" target=\"_blank\" rel=\"noopener nofollow\" title=\"WhatsApp\"><\/p>\n<p>    <\/a><br \/>\n                      <script async src=\"\/\/www.instagram.com\/embed.js\"><\/script><\/p>\n","protected":false},"excerpt":{"rendered":"A 35\u00aa edi\u00e7\u00e3o da Sch\u00fctzenfest, maior festa tradicional do Norte catarinense, terminou com um marco hist\u00f3rico: foram 147.112&hellip;\n","protected":false},"author":2,"featured_media":156743,"comment_status":"","ping_status":"","sticky":false,"template":"","format":"standard","meta":{"footnotes":""},"categories":[144],"tags":[207,205,206,203,201,202,204,114,115,32,33],"class_list":{"0":"post-156742","1":"post","2":"type-post","3":"status-publish","4":"format-standard","5":"has-post-thumbnail","7":"category-arte-e-design","8":"tag-arte","9":"tag-arte-e-design","10":"tag-artedesign","11":"tag-arts","12":"tag-arts-and-design","13":"tag-artsanddesign","14":"tag-design","15":"tag-entertainment","16":"tag-entretenimento","17":"tag-portugal","18":"tag-pt"},"share_on_mastodon":{"url":"https:\/\/pubeurope.com\/@pt\/115572104855964034","error":""},"_links":{"self":[{"href":"https:\/\/www.europesays.com\/pt\/wp-json\/wp\/v2\/posts\/156742","targetHints":{"allow":["GET"]}}],"collection":[{"href":"https:\/\/www.europesays.com\/pt\/wp-json\/wp\/v2\/posts"}],"about":[{"href":"https:\/\/www.europesays.com\/pt\/wp-json\/wp\/v2\/types\/post"}],"author":[{"embeddable":true,"href":"https:\/\/www.europesays.com\/pt\/wp-json\/wp\/v2\/users\/2"}],"replies":[{"embeddable":true,"href":"https:\/\/www.europesays.com\/pt\/wp-json\/wp\/v2\/comments?post=156742"}],"version-history":[{"count":0,"href":"https:\/\/www.europesays.com\/pt\/wp-json\/wp\/v2\/posts\/156742\/revisions"}],"wp:featuredmedia":[{"embeddable":true,"href":"https:\/\/www.europesays.com\/pt\/wp-json\/wp\/v2\/media\/156743"}],"wp:attachment":[{"href":"https:\/\/www.europesays.com\/pt\/wp-json\/wp\/v2\/media?parent=156742"}],"wp:term":[{"taxonomy":"category","embeddable":true,"href":"https:\/\/www.europesays.com\/pt\/wp-json\/wp\/v2\/categories?post=156742"},{"taxonomy":"post_tag","embeddable":true,"href":"https:\/\/www.europesays.com\/pt\/wp-json\/wp\/v2\/tags?post=156742"}],"curies":[{"name":"wp","href":"https:\/\/api.w.org\/{rel}","templated":true}]}}