{"id":156746,"date":"2025-11-18T18:27:12","date_gmt":"2025-11-18T18:27:12","guid":{"rendered":"https:\/\/www.europesays.com\/pt\/156746\/"},"modified":"2025-11-18T18:27:12","modified_gmt":"2025-11-18T18:27:12","slug":"caetano-e-bethania-celebram-indicacao-ao-grammy","status":"publish","type":"post","link":"https:\/\/www.europesays.com\/pt\/156746\/","title":{"rendered":"Caetano e Beth\u00e2nia celebram indica\u00e7\u00e3o ao Grammy"},"content":{"rendered":"<p>Aos 83 anos, <a href=\"https:\/\/www.metropoles.com\/metropoles-music\/caetano-por-caetano-6-ideias-que-moldam-a-mente-do-artista\" rel=\"nofollow noopener\" target=\"_blank\">Caetano Veloso<\/a> recebeu a not\u00edcia da indica\u00e7\u00e3o ao Grammy 2026 ainda de pijama, acordado pela mulher, Paula Lavigne, com a surpresa que movimentou a m\u00fasica brasileira. O \u00e1lbum \u201cCaetano &amp; Beth\u00e2nia Ao Vivo\u201d, registrado na turn\u00ea conjunta dos irm\u00e3os, vai disputar a categoria de Melhor \u00c1lbum de M\u00fasica Global, coroando um reencontro art\u00edstico que atravessou gera\u00e7\u00f5es e cidades.<\/p>\n<p>Logo cedo, Maria Beth\u00e2nia enviou um \u00e1udio ao irm\u00e3o, comemorando com a do\u00e7ura e a afinidade de quem compartilha n\u00e3o s\u00f3 o palco, mas mais de seis d\u00e9cadas de hist\u00f3ria musical.<\/p>\n<blockquote><p>\u201cEngra\u00e7ado reconhecerem nosso trabalho em cima da m\u00fasica popular, principalmente do seu repert\u00f3rio de compositor. Fiquei feliz. Voc\u00ea t\u00e1 contente?\u201d, disse Beth\u00e2nia. Caetano respondeu com orgulho: \u201cBacana\u2026 o nosso show com tanta m\u00fasica, n\u00e9? Indica\u00e7\u00e3o bacana para n\u00f3s. Parab\u00e9ns, minha irm\u00e3.\u201d<\/p><\/blockquote>\n<p style=\"text-align: center;\"><a href=\"https:\/\/www.bilheteriadigital.com\/estilobrasil\" rel=\"noopener nofollow\" target=\"_blank\"><strong>Compre seu ingresso<\/strong><\/a><\/p>\n<blockquote class=\"instagram-media\" style=\"background: #FFF; border: 0; border-radius: 3px; box-shadow: 0 0 1px 0 rgba(0,0,0,0.5),0 1px 10px 0 rgba(0,0,0,0.15); margin: 1px; max-width: 540px; min-width: 326px; padding: 0; width: calc(100% - 2px);\" data-instgrm-captioned=\"\" data-instgrm-permalink=\"https:\/\/www.instagram.com\/reel\/DQxF-KFEpmM\/?utm_source=ig_embed&amp;utm_campaign=loading\" data-instgrm-version=\"14\">\n<\/blockquote>\n<p>O v\u00eddeo divulgado por Paula Lavigne, mostrando a troca afetuosa entre os dois, viralizou imediatamente. Ivete Sangalo resumiu o sentimento geral: \u201cO maior!\u201d. Daniela Mercury completou: \u201cO Grammy tem que chegar!\u201d. O pa\u00eds inteiro parece estar na torcida pelo duo que reinventou o pr\u00f3prio legado ao subir juntos ao palco novamente.<\/p>\n<p>A turn\u00ea, iniciada em agosto de 2024, percorreu cidades como Bras\u00edlia, S\u00e3o Paulo, Salvador e Porto Alegre. No repert\u00f3rio, cl\u00e1ssicos das duas carreiras dividiam espa\u00e7o com leituras surpreendentes \u2014 entre elas, \u201cF\u00e9\u201d, de Iza, transformada em um manifesto de resist\u00eancia que se tornou um dos pontos altos das apresenta\u00e7\u00f5es.<\/p>\n<p>A indica\u00e7\u00e3o coloca Caetano e Beth\u00e2nia lado a lado com nomes como Burna Boy e Anoushka Shankar na principal premia\u00e7\u00e3o musical do mundo. A entrega dos pr\u00eamios ser\u00e1 em 1\u00ba de fevereiro de 2026, em Los Angeles.<\/p>\n<p>E essa fase luminosa da carreira de Caetano poder\u00e1 ser vista de perto muito em breve. O artista chega a Bras\u00edlia no dia 11 de dezembro como atra\u00e7\u00e3o do Festival Estilo Brasil, trazendo justamente essa combina\u00e7\u00e3o de mem\u00f3ria, inventividade e pot\u00eancia ao vivo que marcou o disco indicado ao Grammy. A apresenta\u00e7\u00e3o promete ser mais um cap\u00edtulo dessa fase especial \u2014 celebrada dentro e fora do pa\u00eds.<\/p>\n<p style=\"text-align: center;\"><a href=\"https:\/\/www.bilheteriadigital.com\/estilobrasil\" rel=\"noopener nofollow\" target=\"_blank\"><strong>Compre seu ingresso<\/strong><\/a><\/p>\n<p style=\"text-align: center;\">O Festival Estilo Brasil \u00e9 apresentado pelo Banco do Brasil Estilo, com realiza\u00e7\u00e3o do <strong>Metr\u00f3poles<\/strong> e produ\u00e7\u00e3o da Oh! Artes.<\/p>\n<p>Programa\u00e7\u00e3o<\/p>\n<p><strong>Paralamas do Sucesso &amp; Dado Villa Lobos<\/strong><br \/>Turn\u00ea: Celebrando 40 anos de Cl\u00e1ssicos<br \/>21 de novembro<\/p>\n<p><strong>Caetano Veloso<\/strong><br \/>11 de dezembro<\/p>\n<p><strong>Liniker<\/strong><br \/>14 de dezembro<\/p>\n<p style=\"text-align: center;\"><a href=\"https:\/\/www.bilheteriadigital.com\/estilobrasil\" rel=\"noopener nofollow\" target=\"_blank\"><strong>Compre seu ingresso<\/strong><\/a><\/p>\n<p>Festival Estilo Brasil<\/p>\n<p>Local: Ulysses Centro de Conven\u00e7\u00f5es<br \/><a href=\"https:\/\/www.bilheteriadigital.com\/estilobrasil\" rel=\"noopener nofollow\" target=\"_blank\">Ingressos: Bilheteria Digital<\/a><\/p>\n<p><script async src=\"\/\/www.instagram.com\/embed.js\"><\/script><\/p>\n","protected":false},"excerpt":{"rendered":"Aos 83 anos, Caetano Veloso recebeu a not\u00edcia da indica\u00e7\u00e3o ao Grammy 2026 ainda de pijama, acordado pela&hellip;\n","protected":false},"author":2,"featured_media":156747,"comment_status":"","ping_status":"","sticky":false,"template":"","format":"standard","meta":{"footnotes":""},"categories":[141],"tags":[114,115,149,150,32,33],"class_list":{"0":"post-156746","1":"post","2":"type-post","3":"status-publish","4":"format-standard","5":"has-post-thumbnail","7":"category-musica","8":"tag-entertainment","9":"tag-entretenimento","10":"tag-music","11":"tag-musica","12":"tag-portugal","13":"tag-pt"},"share_on_mastodon":{"url":"https:\/\/pubeurope.com\/@pt\/115572116267215310","error":""},"_links":{"self":[{"href":"https:\/\/www.europesays.com\/pt\/wp-json\/wp\/v2\/posts\/156746","targetHints":{"allow":["GET"]}}],"collection":[{"href":"https:\/\/www.europesays.com\/pt\/wp-json\/wp\/v2\/posts"}],"about":[{"href":"https:\/\/www.europesays.com\/pt\/wp-json\/wp\/v2\/types\/post"}],"author":[{"embeddable":true,"href":"https:\/\/www.europesays.com\/pt\/wp-json\/wp\/v2\/users\/2"}],"replies":[{"embeddable":true,"href":"https:\/\/www.europesays.com\/pt\/wp-json\/wp\/v2\/comments?post=156746"}],"version-history":[{"count":0,"href":"https:\/\/www.europesays.com\/pt\/wp-json\/wp\/v2\/posts\/156746\/revisions"}],"wp:featuredmedia":[{"embeddable":true,"href":"https:\/\/www.europesays.com\/pt\/wp-json\/wp\/v2\/media\/156747"}],"wp:attachment":[{"href":"https:\/\/www.europesays.com\/pt\/wp-json\/wp\/v2\/media?parent=156746"}],"wp:term":[{"taxonomy":"category","embeddable":true,"href":"https:\/\/www.europesays.com\/pt\/wp-json\/wp\/v2\/categories?post=156746"},{"taxonomy":"post_tag","embeddable":true,"href":"https:\/\/www.europesays.com\/pt\/wp-json\/wp\/v2\/tags?post=156746"}],"curies":[{"name":"wp","href":"https:\/\/api.w.org\/{rel}","templated":true}]}}