{"id":156748,"date":"2025-11-18T18:28:08","date_gmt":"2025-11-18T18:28:08","guid":{"rendered":"https:\/\/www.europesays.com\/pt\/156748\/"},"modified":"2025-11-18T18:28:08","modified_gmt":"2025-11-18T18:28:08","slug":"novo-filme-de-inarritu-com-tom-cruise-ganha-foto-de-bastidores","status":"publish","type":"post","link":"https:\/\/www.europesays.com\/pt\/156748\/","title":{"rendered":"Novo filme de I\u00f1arrit\u00fa com Tom Cruise ganha foto de bastidores"},"content":{"rendered":"<p><strong>Judy<\/strong>,\u00a0novo filme de\u00a0<strong>Alejandro G. I\u00f1arrit\u00fa\u00a0<\/strong>(Birdman; O Regresso) estrelado por\u00a0<strong>Tom Cruise<\/strong>, acaba de ganhar sua primeira imagem de bastidores. Veja a seguir!<\/p>\n<p>            Continua depois da Publicidade<\/p>\n<p>&#8220;Hoje, compartilho a primeira foto tirada no ano passado durante um ensaio no set do meu novo filme com Alejandro G. I\u00f1\u00e1rritu. Alejandro, h\u00e1 25 anos assisti ao seu primeiro filme, o cl\u00e1ssico Amores Brutos&#8221;, diz o come\u00e7o do post. &#8220;Neste fim de semana, 25 anos depois, fiquei profundamente emocionada ao receber o Oscar Honor\u00e1rio das suas m\u00e3os, meu querido amigo. Mal posso esperar para compartilhar nosso novo filme com voc\u00eas no ano que vem!&#8221;, concluiu.<\/p>\n<p>O longa ser\u00e1 o primeiro filme falado em ingl\u00eas de I\u00f1\u00e1rritu desde O Regresso, filme que rendeu o\u00a0<strong>Oscar\u00a0<\/strong>a\u00a0<strong>Leonardo DiCaprio.\u00a0<\/strong>Segundo a\u00a0Variety, o roteiro est\u00e1 pronto desde 2023 e teve participa\u00e7\u00e3o de\u00a0<strong>Nicolas Giacobone,\u00a0Alexandre Dinelaris\u00a0<\/strong>e<strong>\u00a0Sabina Berman<\/strong>.<\/p>\n<p>Pouco se sabe sobre o filme. Uma descri\u00e7\u00e3o diz que a trama gira em torno do homem mais poderoso do mundo, que embarca em uma miss\u00e3o fren\u00e9tica para provar que \u00e9 o salvador da humanidade antes que o desastre que ele desencadeou destrua tudo.<\/p>\n<p>Judy, o novo filme de Alejandro Gonz\u00e1lez I\u00f1\u00e1rritu e Tom Cruise, estreia em 2026.<\/p>\n<p>O \u00faltimo lan\u00e7amento de I\u00f1arrit\u00fa foi\u00a0Bardo, Falsa Cr\u00f4nica de Algumas Verdades, filme que acompanha renomado documentarista mexicano que entra em uma crise existencial ao voltar para casa e lidar com sua identidade, relacionamentos familiares e mem\u00f3rias.\u00a0<\/p>\n<p>            Continua depois da Publicidade<\/p>\n<p data-gtm-vis-first-on-screen67967661_30=\"14970\" data-gtm-vis-has-fired67967661_30=\"1\" data-gtm-vis-recent-on-screen67967661_30=\"14970\" data-gtm-vis-total-visible-time67967661_30=\"100\">O longa \u00e9 estrelado por Daniel Gim\u00e9nez Cacho, Griselda Siciliani, \u00cdker S\u00e1nchez Solano, Ximena Lamadrid, Luz Jim\u00e9nez, Luis Couturier, Francisco Rubio, Andr\u00e9s Almeida e Clementina Guadarrama, e est\u00e1 dispon\u00edvel na Netflix.<\/p>\n","protected":false},"excerpt":{"rendered":"Judy,\u00a0novo filme de\u00a0Alejandro G. I\u00f1arrit\u00fa\u00a0(Birdman; O Regresso) estrelado por\u00a0Tom Cruise, acaba de ganhar sua primeira imagem de bastidores.&hellip;\n","protected":false},"author":2,"featured_media":156749,"comment_status":"","ping_status":"","sticky":false,"template":"","format":"standard","meta":{"footnotes":""},"categories":[140],"tags":[114,115,147,148,146,32,33],"class_list":{"0":"post-156748","1":"post","2":"type-post","3":"status-publish","4":"format-standard","5":"has-post-thumbnail","7":"category-filmes","8":"tag-entertainment","9":"tag-entretenimento","10":"tag-film","11":"tag-filmes","12":"tag-movies","13":"tag-portugal","14":"tag-pt"},"share_on_mastodon":{"url":"https:\/\/pubeurope.com\/@pt\/115572120159305671","error":""},"_links":{"self":[{"href":"https:\/\/www.europesays.com\/pt\/wp-json\/wp\/v2\/posts\/156748","targetHints":{"allow":["GET"]}}],"collection":[{"href":"https:\/\/www.europesays.com\/pt\/wp-json\/wp\/v2\/posts"}],"about":[{"href":"https:\/\/www.europesays.com\/pt\/wp-json\/wp\/v2\/types\/post"}],"author":[{"embeddable":true,"href":"https:\/\/www.europesays.com\/pt\/wp-json\/wp\/v2\/users\/2"}],"replies":[{"embeddable":true,"href":"https:\/\/www.europesays.com\/pt\/wp-json\/wp\/v2\/comments?post=156748"}],"version-history":[{"count":0,"href":"https:\/\/www.europesays.com\/pt\/wp-json\/wp\/v2\/posts\/156748\/revisions"}],"wp:featuredmedia":[{"embeddable":true,"href":"https:\/\/www.europesays.com\/pt\/wp-json\/wp\/v2\/media\/156749"}],"wp:attachment":[{"href":"https:\/\/www.europesays.com\/pt\/wp-json\/wp\/v2\/media?parent=156748"}],"wp:term":[{"taxonomy":"category","embeddable":true,"href":"https:\/\/www.europesays.com\/pt\/wp-json\/wp\/v2\/categories?post=156748"},{"taxonomy":"post_tag","embeddable":true,"href":"https:\/\/www.europesays.com\/pt\/wp-json\/wp\/v2\/tags?post=156748"}],"curies":[{"name":"wp","href":"https:\/\/api.w.org\/{rel}","templated":true}]}}