{"id":156750,"date":"2025-11-18T18:29:15","date_gmt":"2025-11-18T18:29:15","guid":{"rendered":"https:\/\/www.europesays.com\/pt\/156750\/"},"modified":"2025-11-18T18:29:15","modified_gmt":"2025-11-18T18:29:15","slug":"o-pais-a-selecao-e-a-economia-de-um-craque-eterno","status":"publish","type":"post","link":"https:\/\/www.europesays.com\/pt\/156750\/","title":{"rendered":"O pa\u00eds, a sele\u00e7\u00e3o e a economia de um craque eterno"},"content":{"rendered":"<p style=\"margin-bottom:11px\">Cristiano Ronaldo continua a dividir Portugal. Aos 40 anos, o capit\u00e3o soma recordes como poucos, mas os \u00faltimos jogos da sele\u00e7\u00e3o reacenderam um debate que transcende o futebol. Deve um jogador cuja marca, segundo um estudo recente do IPAM, vale 850 milh\u00f5es de euros manter lugar cativo no onze, mesmo quando o rendimento desportivo j\u00e1 n\u00e3o \u00e9 o mesmo?<\/p>\n<p>Os cr\u00edticos apontam o pragmatismo dos resultados. Com Ronaldo a titular, Portugal empatou com a Hungria e perdeu com a Irlanda. Sem ele, venceu a Arm\u00e9nia por 9-1. Estes n\u00fameros alimentam a tese de que o ritmo competitivo j\u00e1 n\u00e3o acompanha o estatuto.<\/p>\n<p>Mas reduzir Cristiano Ronaldo a uma estat\u00edstica \u00e9 ignorar o fen\u00f3meno global que o acompanha.<\/p>\n<p>A valoriza\u00e7\u00e3o da marca CR7, que cresceu de 200 milh\u00f5es em 2020 para 850 milh\u00f5es este ano, resulta de indicadores que poucas figuras mundiais conseguem reunir. Ronaldo tem mais de mil milh\u00f5es de seguidores nas redes sociais, 22,3 milh\u00f5es de not\u00edcias anuais e 187 milh\u00f5es de pesquisas no Google. Nenhum atleta na hist\u00f3ria possui esta escala de impacto.<\/p>\n<p>\u00c9 aqui que a decis\u00e3o do selecionador deixa de ser apenas t\u00e9cnica.<\/p>\n<p>A presen\u00e7a de Ronaldo garante exposi\u00e7\u00e3o medi\u00e1tica, receitas indiretas, audi\u00eancias e notoriedade internacional. Em contexto de grandes competi\u00e7\u00f5es, esta dimens\u00e3o n\u00e3o \u00e9 irrelevante. A sele\u00e7\u00e3o portuguesa n\u00e3o \u00e9 apenas um projeto desportivo. Tamb\u00e9m \u00e9 uma marca global em crescimento, que impulsiona a imagem e a atratividade de Portugal no exterior.<\/p>\n<p>No outro lado da balan\u00e7a surge Gon\u00e7alo Ramos, 24 anos, avan\u00e7ado do PSG, avaliado em 40 milh\u00f5es de euros. Representa o futuro, oferece mobilidade, intensidade e um perfil de avan\u00e7ado moderno que encaixa no jogo coletivo pretendido. A vit\u00f3ria por 9-1 sem Ronaldo refor\u00e7a a ideia de que a sele\u00e7\u00e3o pode ganhar velocidade e imprevisibilidade com Ramos como refer\u00eancia ofensiva.<\/p>\n<p>Mas a desvantagem \u00e9 evidente. Por maior que seja o talento de Ramos, n\u00e3o transporta consigo nem a notoriedade, nem o impacto econ\u00f3mico, nem o peso simb\u00f3lico de Cristiano Ronaldo. Entre um ativo de 850 milh\u00f5es e um jovem valorizado em 40 milh\u00f5es, a diferen\u00e7a n\u00e3o \u00e9 apenas financeira. \u00c9 estrutural.<\/p>\n<p>A gest\u00e3o deste dilema exige vis\u00e3o estrat\u00e9gica. O m\u00e9rito desportivo deve ser o crit\u00e9rio central, mas ignorar a dimens\u00e3o econ\u00f3mica seria desperdi\u00e7ar uma vantagem competitiva rara que, por interm\u00e9dio da Sele\u00e7\u00e3o Nacional de futebol, o pa\u00eds tem.<\/p>\n<p>A melhor solu\u00e7\u00e3o poder\u00e1 estar no equil\u00edbrio. Usar Ronaldo de forma cir\u00fargica, maximizando o impacto medi\u00e1tico da sua presen\u00e7a, enquanto se d\u00e1 espa\u00e7o ao desenvolvimento competitivo de Ramos, que representa o futuro da sele\u00e7\u00e3o.<\/p>\n<p>No fim, o que se espera de Portugal \u00e9 rendimento desportivo ao n\u00edvel do talento dispon\u00edvel, e esse talento \u00e9 hoje maior do que jamais foi. Cabe ao selecionador gerir n\u00e3o apenas jogadores, mas ativos. E poucos ativos no mundo valem tanto, dentro e fora de campo, quanto Cristiano Ronaldo.<\/p>\n<p><strong>Jo\u00e3o Rodrigues dos Santos, Professor de Economia do Desporto e Coordenador Cient\u00edfico da \u00e1rea de Economia e Gest\u00e3o da Universidade Europeia.<\/strong><\/p>\n","protected":false},"excerpt":{"rendered":"Cristiano Ronaldo continua a dividir Portugal. Aos 40 anos, o capit\u00e3o soma recordes como poucos, mas os \u00faltimos&hellip;\n","protected":false},"author":2,"featured_media":156751,"comment_status":"","ping_status":"","sticky":false,"template":"","format":"standard","meta":{"footnotes":""},"categories":[87],"tags":[33643,668,33641,4128,667,135,476,33642,46,835,32,33,47,669,4338,5420,134],"class_list":{"0":"post-156750","1":"post","2":"type-post","3":"status-publish","4":"format-standard","5":"has-post-thumbnail","7":"category-desporto","8":"tag-artigo-opiniao","9":"tag-cr7","10":"tag-craque-eterno","11":"tag-cristiano","12":"tag-cristiano-ronaldo","13":"tag-desporto","14":"tag-economia","15":"tag-falar-de-bola","16":"tag-maisfutebol","17":"tag-opiniao","18":"tag-portugal","19":"tag-pt","20":"tag-pura-paixao","21":"tag-ronaldo","22":"tag-selecao","23":"tag-selecao-nacional","24":"tag-sports"},"share_on_mastodon":{"url":"https:\/\/pubeurope.com\/@pt\/115572124433388938","error":""},"_links":{"self":[{"href":"https:\/\/www.europesays.com\/pt\/wp-json\/wp\/v2\/posts\/156750","targetHints":{"allow":["GET"]}}],"collection":[{"href":"https:\/\/www.europesays.com\/pt\/wp-json\/wp\/v2\/posts"}],"about":[{"href":"https:\/\/www.europesays.com\/pt\/wp-json\/wp\/v2\/types\/post"}],"author":[{"embeddable":true,"href":"https:\/\/www.europesays.com\/pt\/wp-json\/wp\/v2\/users\/2"}],"replies":[{"embeddable":true,"href":"https:\/\/www.europesays.com\/pt\/wp-json\/wp\/v2\/comments?post=156750"}],"version-history":[{"count":0,"href":"https:\/\/www.europesays.com\/pt\/wp-json\/wp\/v2\/posts\/156750\/revisions"}],"wp:featuredmedia":[{"embeddable":true,"href":"https:\/\/www.europesays.com\/pt\/wp-json\/wp\/v2\/media\/156751"}],"wp:attachment":[{"href":"https:\/\/www.europesays.com\/pt\/wp-json\/wp\/v2\/media?parent=156750"}],"wp:term":[{"taxonomy":"category","embeddable":true,"href":"https:\/\/www.europesays.com\/pt\/wp-json\/wp\/v2\/categories?post=156750"},{"taxonomy":"post_tag","embeddable":true,"href":"https:\/\/www.europesays.com\/pt\/wp-json\/wp\/v2\/tags?post=156750"}],"curies":[{"name":"wp","href":"https:\/\/api.w.org\/{rel}","templated":true}]}}