{"id":156760,"date":"2025-11-18T18:35:13","date_gmt":"2025-11-18T18:35:13","guid":{"rendered":"https:\/\/www.europesays.com\/pt\/156760\/"},"modified":"2025-11-18T18:35:13","modified_gmt":"2025-11-18T18:35:13","slug":"traficante-que-fugiu-ao-ser-transportado-para-cadeia-dinamarquesa-detido-em-lisboa","status":"publish","type":"post","link":"https:\/\/www.europesays.com\/pt\/156760\/","title":{"rendered":"Traficante que fugiu ao ser transportado para cadeia dinamarquesa detido em Lisboa"},"content":{"rendered":"<p data-remotead-prev-elm=\"true\" data-remotead-elm-id=\"inread\">Wisam El-Debess, de 26 anos, tem ascend\u00eancia libanesa, nacionalidade dinamarquesa e problemas com a justi\u00e7a deste pa\u00eds europeu desde 2021. Nesse ano, foi condenado a v\u00e1rios anos de pris\u00e3o, mas nunca se apresentou \u00e0s autoridades locais para cumprir a pena.<\/p>\n<p>S\u00f3 em agosto deste ano \u00e9 que seria detido. Durante uma busca a uma casa, feita \u00e0s 4.36 horas, a Pol\u00edcia dinamarquesa encontrou mais de 55 quilos de haxixe, quase quatro mil euros em notas e ainda o fugitivo.<\/p>\n<p>Wisam El-Debess foi levado ao Tribunal de Arhus no dia seguinte e, durante um julgamento sum\u00e1rio, condenado a dois anos e tr\u00eas meses de pris\u00e3o. No entanto, n\u00e3o chegaria a entrar na cela. Durante o transporte para a cadeia, o traficante conseguiu fugir em circunst\u00e2ncias que as autoridades locais nunca revelaram.<\/p>\n<p data-remotead-prev-elm=\"true\" data-remotead-elm-id=\"centro1\">Em 15 de agosto, a Pol\u00edcia dinamarquesa emitiu um alerta com o nome do fugitivo, idade, caracter\u00edsticas f\u00edsicas e roupa que vestia na altura da fuga. Mesmo assim, nunca mais ningu\u00e9m conseguiu localizar Wisam El-Debess. At\u00e9 esta segunda-feira.<\/p>\n<p>O dinamarqu\u00eas com ascend\u00eancia libanesa viajava num avi\u00e3o que partiu de Marrocos com destino a Lisboa e o seu verdadeiro nome constava no manifesto de voo. Por esse motivo, quando os inspetores da Unidade de Informa\u00e7\u00e3o Criminal da Pol\u00edcia Judici\u00e1ria compararam, como habitualmente fazem, a lista dos nomes dos passageiros com os mandados europeus de deten\u00e7\u00e3o ativos rapidamente detetaram Wisam El-Debess.<\/p>\n<p>E quando o avi\u00e3o oriundo de Marrocos aterrou no Aeroporto Humberto Delgado avan\u00e7aram para a sua deten\u00e7\u00e3o. O fugitivo n\u00e3o resistiu e, nesta ter\u00e7a-feira, ser\u00e1 levado ao Tribunal da Rela\u00e7\u00e3o de Lisboa para dizer se se op\u00f5e, ou n\u00e3o, \u00e0 extradi\u00e7\u00e3o para a Dinamarca.<\/p>\n","protected":false},"excerpt":{"rendered":"Wisam El-Debess, de 26 anos, tem ascend\u00eancia libanesa, nacionalidade dinamarquesa e problemas com a justi\u00e7a deste pa\u00eds europeu&hellip;\n","protected":false},"author":2,"featured_media":156761,"comment_status":"","ping_status":"","sticky":false,"template":"","format":"standard","meta":{"footnotes":""},"categories":[10],"tags":[27,28,16610,4639,15,16,27929,24839,14,603,25,26,21,22,12,13,19,20,4107,32,23,24,33,17,18,33645,29,30,31],"class_list":{"0":"post-156760","1":"post","2":"type-post","3":"status-publish","4":"format-standard","5":"has-post-thumbnail","7":"category-portugal","8":"tag-breaking-news","9":"tag-breakingnews","10":"tag-detido","11":"tag-dinamarca","12":"tag-featured-news","13":"tag-featurednews","14":"tag-fugitivo","15":"tag-haxixe","16":"tag-headlines","17":"tag-justica","18":"tag-latest-news","19":"tag-latestnews","20":"tag-main-news","21":"tag-mainnews","22":"tag-news","23":"tag-noticias","24":"tag-noticias-principais","25":"tag-noticiasprincipais","26":"tag-pj","27":"tag-portugal","28":"tag-principais-noticias","29":"tag-principaisnoticias","30":"tag-pt","31":"tag-top-stories","32":"tag-topstories","33":"tag-traficante","34":"tag-ultimas","35":"tag-ultimas-noticias","36":"tag-ultimasnoticias"},"share_on_mastodon":{"url":"https:\/\/pubeurope.com\/@pt\/115572147771476163","error":""},"_links":{"self":[{"href":"https:\/\/www.europesays.com\/pt\/wp-json\/wp\/v2\/posts\/156760","targetHints":{"allow":["GET"]}}],"collection":[{"href":"https:\/\/www.europesays.com\/pt\/wp-json\/wp\/v2\/posts"}],"about":[{"href":"https:\/\/www.europesays.com\/pt\/wp-json\/wp\/v2\/types\/post"}],"author":[{"embeddable":true,"href":"https:\/\/www.europesays.com\/pt\/wp-json\/wp\/v2\/users\/2"}],"replies":[{"embeddable":true,"href":"https:\/\/www.europesays.com\/pt\/wp-json\/wp\/v2\/comments?post=156760"}],"version-history":[{"count":0,"href":"https:\/\/www.europesays.com\/pt\/wp-json\/wp\/v2\/posts\/156760\/revisions"}],"wp:featuredmedia":[{"embeddable":true,"href":"https:\/\/www.europesays.com\/pt\/wp-json\/wp\/v2\/media\/156761"}],"wp:attachment":[{"href":"https:\/\/www.europesays.com\/pt\/wp-json\/wp\/v2\/media?parent=156760"}],"wp:term":[{"taxonomy":"category","embeddable":true,"href":"https:\/\/www.europesays.com\/pt\/wp-json\/wp\/v2\/categories?post=156760"},{"taxonomy":"post_tag","embeddable":true,"href":"https:\/\/www.europesays.com\/pt\/wp-json\/wp\/v2\/tags?post=156760"}],"curies":[{"name":"wp","href":"https:\/\/api.w.org\/{rel}","templated":true}]}}