{"id":156768,"date":"2025-11-18T18:41:17","date_gmt":"2025-11-18T18:41:17","guid":{"rendered":"https:\/\/www.europesays.com\/pt\/156768\/"},"modified":"2025-11-18T18:41:17","modified_gmt":"2025-11-18T18:41:17","slug":"faz-hoje-dois-anos-o-meu-melhor-disco-e-o-que-menos-pessoas-ouviram","status":"publish","type":"post","link":"https:\/\/www.europesays.com\/pt\/156768\/","title":{"rendered":"Faz hoje dois anos o meu melhor disco, \u00e9 o que menos pessoas ouviram"},"content":{"rendered":"<p>Carolina Deslandes editou o disco &#8220;Calma&#8221; em novembro de 2023. Nas redes sociais, a artista celebrou a data de lan\u00e7amento do \u00e1lbum.<\/p>\n<p>&#8220;Faz hoje dois anos o meu melhor disco, \u00e9 o que menos pessoas ouviram&#8221;, come\u00e7ou por escrever a cantora na sua conta no Instagram. &#8220;Chama-se &#8216;Calma&#8217; e \u00e9 um disco de can\u00e7\u00f5es que se mastigam devagar&#8221;, acrescentou.<\/p>\n<p>&#8220;Amo-o muito e \u00e9 o meu \u00fanico disco que eu ou\u00e7o em casa e nunca me farto, talvez proque sinto que preciso de torcer sempre por ele. Obrigada, &#8216;Calma&#8217;. Foste t\u00e3o necess\u00e1rio e \u00e9s t\u00e3o bonito&#8221;, rematou Carolina Deslandes.<\/p>\n<p>O disco \u201cCalma\u201d foi composto a meias com o guitarrista Diogo Clemente e chegou depois \u201cCAOS\u201d, completando o primeiro \u00e1lbum duplo da artista.<\/p>\n<p>O disco \u00e9 composto por doze can\u00e7\u00f5es \u201csobre a vida e os seus encontros e desencontros que, segundo Carolina Deslandes, lembram que n\u00e3o h\u00e1 bem que n\u00e3o quebre, mas n\u00e3o h\u00e1 tristeza que dure para sempre\u201d.<\/p>\n","protected":false},"excerpt":{"rendered":"Carolina Deslandes editou o disco &#8220;Calma&#8221; em novembro de 2023. Nas redes sociais, a artista celebrou a data&hellip;\n","protected":false},"author":2,"featured_media":156769,"comment_status":"","ping_status":"","sticky":false,"template":"","format":"standard","meta":{"footnotes":""},"categories":[141],"tags":[114,115,149,150,32,33],"class_list":{"0":"post-156768","1":"post","2":"type-post","3":"status-publish","4":"format-standard","5":"has-post-thumbnail","7":"category-musica","8":"tag-entertainment","9":"tag-entretenimento","10":"tag-music","11":"tag-musica","12":"tag-portugal","13":"tag-pt"},"share_on_mastodon":{"url":"https:\/\/pubeurope.com\/@pt\/115572171430210308","error":""},"_links":{"self":[{"href":"https:\/\/www.europesays.com\/pt\/wp-json\/wp\/v2\/posts\/156768","targetHints":{"allow":["GET"]}}],"collection":[{"href":"https:\/\/www.europesays.com\/pt\/wp-json\/wp\/v2\/posts"}],"about":[{"href":"https:\/\/www.europesays.com\/pt\/wp-json\/wp\/v2\/types\/post"}],"author":[{"embeddable":true,"href":"https:\/\/www.europesays.com\/pt\/wp-json\/wp\/v2\/users\/2"}],"replies":[{"embeddable":true,"href":"https:\/\/www.europesays.com\/pt\/wp-json\/wp\/v2\/comments?post=156768"}],"version-history":[{"count":0,"href":"https:\/\/www.europesays.com\/pt\/wp-json\/wp\/v2\/posts\/156768\/revisions"}],"wp:featuredmedia":[{"embeddable":true,"href":"https:\/\/www.europesays.com\/pt\/wp-json\/wp\/v2\/media\/156769"}],"wp:attachment":[{"href":"https:\/\/www.europesays.com\/pt\/wp-json\/wp\/v2\/media?parent=156768"}],"wp:term":[{"taxonomy":"category","embeddable":true,"href":"https:\/\/www.europesays.com\/pt\/wp-json\/wp\/v2\/categories?post=156768"},{"taxonomy":"post_tag","embeddable":true,"href":"https:\/\/www.europesays.com\/pt\/wp-json\/wp\/v2\/tags?post=156768"}],"curies":[{"name":"wp","href":"https:\/\/api.w.org\/{rel}","templated":true}]}}