{"id":15677,"date":"2025-08-04T14:50:09","date_gmt":"2025-08-04T14:50:09","guid":{"rendered":"https:\/\/www.europesays.com\/pt\/15677\/"},"modified":"2025-08-04T14:50:09","modified_gmt":"2025-08-04T14:50:09","slug":"menina-de-dois-anos-encontrada-dentro-de-mala-em-bagageira-de-autocarro-motorista-reparou-em-movimentos-estranhos","status":"publish","type":"post","link":"https:\/\/www.europesays.com\/pt\/15677\/","title":{"rendered":"Menina de dois anos encontrada dentro de mala em bagageira de autocarro. Motorista reparou em movimentos estranhos"},"content":{"rendered":"<p>\t                Aconteceu na Nova Zel\u00e2ndia. Mulher que transportava a mala foi detida e acusada de maus-tratos ou neglig\u00eancia de uma crian\u00e7a <\/p>\n<p>Uma crian\u00e7a de dois anos foi\u00a0encontrada viva dentro de uma mala guardada na bagageira de um autocarro,\u00a0em Kaiwaka, a norte de Auckland, na Nova Zel\u00e2ndia, <a href=\"https:\/\/edition.cnn.com\/2025\/08\/03\/world\/new-zealand-girl-stowed-suitcase-intl-hnk\" target=\"_blank\" rel=\"nofollow noopener\">avan\u00e7a a Associated Press<\/a>, que d\u00e1 ainda conta que uma mulher foi detida por\u00a0suspeitas de neglig\u00eancia infantil.<\/p>\n<p>Segundo a pol\u00edcia, o caso aconteceu este domingo quando o\u00a0motorista do autocarro da empresa InterCity reparou em movimentos dentro de uma mala quando um passageiro pediu acesso \u00e0 bagageira durante uma paragem prevista em\u00a0Kaiwaka.<\/p>\n<p>O inspetor da pol\u00edcia Simon Harrison revelou ainda, em comunicado, que ao abrir a mala, o motorista encontrou a crian\u00e7a com sinais de calor extremo, mas aparentemente sem ferimentos f\u00edsicos. As autoridades n\u00e3o revelaram, no entanto, quanto tempo a crian\u00e7a esteve dentro da mala na bagageira do autocarro.<\/p>\n<p>A menina foi transportada para o hospital, onde continuava internada na noite de domingo.<\/p>\n<p>A mulher, cuja identidade n\u00e3o foi revelada, detida foi formalmente acusada de maus-tratos ou neglig\u00eancia de uma crian\u00e7a e dever\u00e1 apresentar-se a tribunal esta segunda-feira.<\/p>\n<p>Aos meios de comunica\u00e7\u00e3o local, a empresa de transportes InterCity confirmou o incidente, referindo que crian\u00e7as com menos de tr\u00eas anos podem viajar gratuitamente ao colo de um adulto.<\/p>\n","protected":false},"excerpt":{"rendered":"Aconteceu na Nova Zel\u00e2ndia. Mulher que transportava a mala foi detida e acusada de maus-tratos ou neglig\u00eancia de&hellip;\n","protected":false},"author":2,"featured_media":15678,"comment_status":"","ping_status":"","sticky":false,"template":"","format":"standard","meta":{"footnotes":""},"categories":[50],"tags":[609,611,6179,27,28,607,608,6181,610,15,16,830,14,82,6180,25,26,570,21,22,62,6182,12,13,19,20,3847,23,24,3813,839,17,18,840,29,30,31,63,64,65,3814],"class_list":{"0":"post-15677","1":"post","2":"type-post","3":"status-publish","4":"format-standard","5":"has-post-thumbnail","7":"category-mundo","8":"tag-alerta","9":"tag-ao-minuto","10":"tag-auckland","11":"tag-breaking-news","12":"tag-breakingnews","13":"tag-cnn","14":"tag-cnn-portugal","15":"tag-crianca-em-mala","16":"tag-direto","17":"tag-featured-news","18":"tag-featurednews","19":"tag-guerra","20":"tag-headlines","21":"tag-internacional","22":"tag-kaiwaka","23":"tag-latest-news","24":"tag-latestnews","25":"tag-live","26":"tag-main-news","27":"tag-mainnews","28":"tag-mundo","29":"tag-negligencia-infantil","30":"tag-news","31":"tag-noticias","32":"tag-noticias-principais","33":"tag-noticiasprincipais","34":"tag-nova-zelandia","35":"tag-principais-noticias","36":"tag-principaisnoticias","37":"tag-putin","38":"tag-russia","39":"tag-top-stories","40":"tag-topstories","41":"tag-ucrania","42":"tag-ultimas","43":"tag-ultimas-noticias","44":"tag-ultimasnoticias","45":"tag-world","46":"tag-world-news","47":"tag-worldnews","48":"tag-zelensky"},"share_on_mastodon":{"url":"","error":""},"_links":{"self":[{"href":"https:\/\/www.europesays.com\/pt\/wp-json\/wp\/v2\/posts\/15677","targetHints":{"allow":["GET"]}}],"collection":[{"href":"https:\/\/www.europesays.com\/pt\/wp-json\/wp\/v2\/posts"}],"about":[{"href":"https:\/\/www.europesays.com\/pt\/wp-json\/wp\/v2\/types\/post"}],"author":[{"embeddable":true,"href":"https:\/\/www.europesays.com\/pt\/wp-json\/wp\/v2\/users\/2"}],"replies":[{"embeddable":true,"href":"https:\/\/www.europesays.com\/pt\/wp-json\/wp\/v2\/comments?post=15677"}],"version-history":[{"count":0,"href":"https:\/\/www.europesays.com\/pt\/wp-json\/wp\/v2\/posts\/15677\/revisions"}],"wp:featuredmedia":[{"embeddable":true,"href":"https:\/\/www.europesays.com\/pt\/wp-json\/wp\/v2\/media\/15678"}],"wp:attachment":[{"href":"https:\/\/www.europesays.com\/pt\/wp-json\/wp\/v2\/media?parent=15677"}],"wp:term":[{"taxonomy":"category","embeddable":true,"href":"https:\/\/www.europesays.com\/pt\/wp-json\/wp\/v2\/categories?post=15677"},{"taxonomy":"post_tag","embeddable":true,"href":"https:\/\/www.europesays.com\/pt\/wp-json\/wp\/v2\/tags?post=15677"}],"curies":[{"name":"wp","href":"https:\/\/api.w.org\/{rel}","templated":true}]}}