{"id":156776,"date":"2025-11-18T18:46:17","date_gmt":"2025-11-18T18:46:17","guid":{"rendered":"https:\/\/www.europesays.com\/pt\/156776\/"},"modified":"2025-11-18T18:46:17","modified_gmt":"2025-11-18T18:46:17","slug":"vast-inicia-corrida-pela-construcao-da-primeira-estacao-espacial-privada-portal-de-noticias-brasil-em-folhas","status":"publish","type":"post","link":"https:\/\/www.europesays.com\/pt\/156776\/","title":{"rendered":"Vast inicia corrida pela constru\u00e7\u00e3o da primeira esta\u00e7\u00e3o espacial privada \u2013 Portal de not\u00edcias Brasil em Folhas"},"content":{"rendered":"<p>A empresa americana Vast apresentou o Haven-1, um cilindro espacial de quatro metros de di\u00e2metro e dez de comprimento, no dia 16 de novembro de 2025. Com essa inova\u00e7\u00e3o, a Vast se junta a outras empresas na competi\u00e7\u00e3o para desenvolver a primeira esta\u00e7\u00e3o espacial privada do mundo, um marco potencial na explora\u00e7\u00e3o comercial do espa\u00e7o.<\/p>\n<p>O Haven-1 representa n\u00e3o apenas um avan\u00e7o tecnol\u00f3gico, mas tamb\u00e9m um sinal da crescente atividade no setor espacial privado. A constru\u00e7\u00e3o de esta\u00e7\u00f5es espaciais comerciais pode abrir novas possibilidades para pesquisa cient\u00edfica, turismo espacial e desenvolvimento industrial fora da Terra, atraindo investimentos significativos e estimulando a inova\u00e7\u00e3o no setor.<\/p>\n<p>Esse movimento pode ter implica\u00e7\u00f5es profundas para a ind\u00fastria espacial global, redefinindo a forma como as miss\u00f5es espaciais s\u00e3o realizadas e financiadas. \u00c0 medida que mais empresas entram na corrida, a colabora\u00e7\u00e3o e a concorr\u00eancia entre elas podem acelerar o progresso tecnol\u00f3gico, beneficiando n\u00e3o apenas o setor privado, mas tamb\u00e9m a pesquisa cient\u00edfica em geral.<\/p>\n","protected":false},"excerpt":{"rendered":"A empresa americana Vast apresentou o Haven-1, um cilindro espacial de quatro metros de di\u00e2metro e dez de&hellip;\n","protected":false},"author":2,"featured_media":89451,"comment_status":"","ping_status":"","sticky":false,"template":"","format":"standard","meta":{"footnotes":""},"categories":[84],"tags":[109,107,108,32,33,105,103,104,106,110],"class_list":{"0":"post-156776","1":"post","2":"type-post","3":"status-publish","4":"format-standard","5":"has-post-thumbnail","7":"category-ciencia-e-tecnologia","8":"tag-ciencia","9":"tag-ciencia-e-tecnologia","10":"tag-cienciaetecnologia","11":"tag-portugal","12":"tag-pt","13":"tag-science","14":"tag-science-and-technology","15":"tag-scienceandtechnology","16":"tag-technology","17":"tag-tecnologia"},"share_on_mastodon":{"url":"https:\/\/pubeurope.com\/@pt\/115572190972121941","error":""},"_links":{"self":[{"href":"https:\/\/www.europesays.com\/pt\/wp-json\/wp\/v2\/posts\/156776","targetHints":{"allow":["GET"]}}],"collection":[{"href":"https:\/\/www.europesays.com\/pt\/wp-json\/wp\/v2\/posts"}],"about":[{"href":"https:\/\/www.europesays.com\/pt\/wp-json\/wp\/v2\/types\/post"}],"author":[{"embeddable":true,"href":"https:\/\/www.europesays.com\/pt\/wp-json\/wp\/v2\/users\/2"}],"replies":[{"embeddable":true,"href":"https:\/\/www.europesays.com\/pt\/wp-json\/wp\/v2\/comments?post=156776"}],"version-history":[{"count":0,"href":"https:\/\/www.europesays.com\/pt\/wp-json\/wp\/v2\/posts\/156776\/revisions"}],"wp:featuredmedia":[{"embeddable":true,"href":"https:\/\/www.europesays.com\/pt\/wp-json\/wp\/v2\/media\/89451"}],"wp:attachment":[{"href":"https:\/\/www.europesays.com\/pt\/wp-json\/wp\/v2\/media?parent=156776"}],"wp:term":[{"taxonomy":"category","embeddable":true,"href":"https:\/\/www.europesays.com\/pt\/wp-json\/wp\/v2\/categories?post=156776"},{"taxonomy":"post_tag","embeddable":true,"href":"https:\/\/www.europesays.com\/pt\/wp-json\/wp\/v2\/tags?post=156776"}],"curies":[{"name":"wp","href":"https:\/\/api.w.org\/{rel}","templated":true}]}}