{"id":156777,"date":"2025-11-18T18:50:22","date_gmt":"2025-11-18T18:50:22","guid":{"rendered":"https:\/\/www.europesays.com\/pt\/156777\/"},"modified":"2025-11-18T18:50:22","modified_gmt":"2025-11-18T18:50:22","slug":"esta-na-altura-de-trocar-o-guarda-chuva-pelo-cachecol-vem-ai-temperaturas-de-inverno-a-serio","status":"publish","type":"post","link":"https:\/\/www.europesays.com\/pt\/156777\/","title":{"rendered":"Est\u00e1 na altura de trocar o guarda-chuva pelo cachecol: v\u00eam a\u00ed temperaturas de inverno a s\u00e9rio"},"content":{"rendered":"<p>\t                Depois do temporal, chega a necessidade de refor\u00e7ar a roupa quente. Esta semana, o outono ganha contornos de inverno e o pa\u00eds prepara-se para os dias mais frios desde o arranque da esta\u00e7\u00e3o<\/p>\n<p>Depois de v\u00e1rios dias de temporal, o pa\u00eds prepara-se para uma mudan\u00e7a brusca no estado do tempo. A chuva vai finalmente dar tr\u00e9guas e o c\u00e9u come\u00e7a a abrir a partir desta ter\u00e7a-feira. No entanto, esta pausa na precipita\u00e7\u00e3o chega acompanhada de um ingrediente t\u00edpico de fim de outono: o frio.<\/p>\n<p>A partir desta ter\u00e7a-feira, entra em cena um per\u00edodo de tempo mais est\u00e1vel: c\u00e9u mais limpo, aus\u00eancia de precipita\u00e7\u00e3o e vento a soprar de norte. E \u00e9 precisamente esse vento que traz o ar polar respons\u00e1vel pela descida acentuada das temperaturas. As m\u00ednimas v\u00e3o cair todos os dias, um ou dois graus de cada vez, aproximando-se j\u00e1 de valores t\u00edpicos de inverno.<\/p>\n<p>Temperaturas m\u00ednimas negativas no interior <\/p>\n<p>No interior norte e centro, o cen\u00e1rio \u00e9 ainda mais frio. De acordo com as previs\u00f5es do <a href=\"https:\/\/www.ipma.pt\/pt\/index.html\" target=\"_blank\" rel=\"nofollow noopener\">Instituto Portugu\u00eas do Mar e da Atmosfera (IPMA)<\/a>, Guarda e Bragan\u00e7a dever\u00e3o registar m\u00ednimas negativas ao longo da semana, com os term\u00f3metros a descer at\u00e9 aos -3 graus, em particular entre quarta e quinta-feira. A geada matinal ser\u00e1 um dos destaques destes dias e o arrefecimento noturno ser\u00e1 bastante acentuado.<\/p>\n<p>Mais para o litoral tamb\u00e9m se vai sentir a diferen\u00e7a.<\/p>\n<p>Em Lisboa, as m\u00e1ximas descem de valores pr\u00f3ximos dos 19 graus no in\u00edcio da semana para cerca de 13 graus nos dias mais frios. As m\u00ednimas caem para perto dos 5 a 6 graus, algo pouco habitual para esta altura do ano na capital.<\/p>\n<p>No Porto, o cen\u00e1rio \u00e9 semelhante, mas com noites ainda mais frias. A cidade ter\u00e1 m\u00ednimas a rondar os 3 a 4 graus a meio da semana, com tardes que dificilmente ultrapassar\u00e3o os 13 graus.<\/p>\n<p>J\u00e1 em Faro, a descida \u00e9 mais suave, mas ainda assim bem vis\u00edvel: as m\u00e1ximas caem para valores pr\u00f3ximos dos 15 a 16 graus e as m\u00ednimas descer\u00e3o at\u00e9 aos 6 graus no s\u00e1bado.<\/p>\n<p>Depois disso h\u00e1 nova subida de temperaturas, mas esperam-se dias frios at\u00e9 ao fim de semana.<\/p>\n","protected":false},"excerpt":{"rendered":"Depois do temporal, chega a necessidade de refor\u00e7ar a roupa quente. Esta semana, o outono ganha contornos de&hellip;\n","protected":false},"author":2,"featured_media":156778,"comment_status":"","ping_status":"","sticky":false,"template":"","format":"standard","meta":{"footnotes":""},"categories":[10],"tags":[609,836,611,27,28,607,608,333,832,604,135,610,476,15,16,301,830,14,603,25,26,570,21,22,33647,831,833,33646,62,834,12,13,19,20,835,602,52,32,23,24,33,33648,17,18,29,30,31],"class_list":{"0":"post-156777","1":"post","2":"type-post","3":"status-publish","4":"format-standard","5":"has-post-thumbnail","7":"category-portugal","8":"tag-alerta","9":"tag-analise","10":"tag-ao-minuto","11":"tag-breaking-news","12":"tag-breakingnews","13":"tag-cnn","14":"tag-cnn-portugal","15":"tag-comentadores","16":"tag-costa","17":"tag-crime","18":"tag-desporto","19":"tag-direto","20":"tag-economia","21":"tag-featured-news","22":"tag-featurednews","23":"tag-governo","24":"tag-guerra","25":"tag-headlines","26":"tag-justica","27":"tag-latest-news","28":"tag-latestnews","29":"tag-live","30":"tag-main-news","31":"tag-mainnews","32":"tag-mais-frio","33":"tag-mais-vistas","34":"tag-marcelo","35":"tag-menos-chuva","36":"tag-mundo","37":"tag-negocios","38":"tag-news","39":"tag-noticias","40":"tag-noticias-principais","41":"tag-noticiasprincipais","42":"tag-opiniao","43":"tag-pais","44":"tag-politica","45":"tag-portugal","46":"tag-principais-noticias","47":"tag-principaisnoticias","48":"tag-pt","49":"tag-temperaturas-de-inverno","50":"tag-top-stories","51":"tag-topstories","52":"tag-ultimas","53":"tag-ultimas-noticias","54":"tag-ultimasnoticias"},"share_on_mastodon":{"url":"","error":"Validation failed: Text character limit of 500 exceeded"},"_links":{"self":[{"href":"https:\/\/www.europesays.com\/pt\/wp-json\/wp\/v2\/posts\/156777","targetHints":{"allow":["GET"]}}],"collection":[{"href":"https:\/\/www.europesays.com\/pt\/wp-json\/wp\/v2\/posts"}],"about":[{"href":"https:\/\/www.europesays.com\/pt\/wp-json\/wp\/v2\/types\/post"}],"author":[{"embeddable":true,"href":"https:\/\/www.europesays.com\/pt\/wp-json\/wp\/v2\/users\/2"}],"replies":[{"embeddable":true,"href":"https:\/\/www.europesays.com\/pt\/wp-json\/wp\/v2\/comments?post=156777"}],"version-history":[{"count":0,"href":"https:\/\/www.europesays.com\/pt\/wp-json\/wp\/v2\/posts\/156777\/revisions"}],"wp:featuredmedia":[{"embeddable":true,"href":"https:\/\/www.europesays.com\/pt\/wp-json\/wp\/v2\/media\/156778"}],"wp:attachment":[{"href":"https:\/\/www.europesays.com\/pt\/wp-json\/wp\/v2\/media?parent=156777"}],"wp:term":[{"taxonomy":"category","embeddable":true,"href":"https:\/\/www.europesays.com\/pt\/wp-json\/wp\/v2\/categories?post=156777"},{"taxonomy":"post_tag","embeddable":true,"href":"https:\/\/www.europesays.com\/pt\/wp-json\/wp\/v2\/tags?post=156777"}],"curies":[{"name":"wp","href":"https:\/\/api.w.org\/{rel}","templated":true}]}}