{"id":156783,"date":"2025-11-18T18:55:11","date_gmt":"2025-11-18T18:55:11","guid":{"rendered":"https:\/\/www.europesays.com\/pt\/156783\/"},"modified":"2025-11-18T18:55:11","modified_gmt":"2025-11-18T18:55:11","slug":"ines-simoes-mostra-consequencias-da-tempestade-na-casa-de-luxo-secret-story","status":"publish","type":"post","link":"https:\/\/www.europesays.com\/pt\/156783\/","title":{"rendered":"In\u00eas Sim\u00f5es mostra consequ\u00eancias da tempestade na casa de luxo &#8211; Secret Story"},"content":{"rendered":"<p style=\"margin-bottom:11px\">In\u00eas Sim\u00f5es usou as redes sociais para mostrar as consequ\u00eancias do mau tempo na sua casa nova. A comentadora mostrou como o espa\u00e7o exterior ficou virado do avesso com a chuva e o vento.<\/p>\n<p>\u00abA noite foi brava por aqui!\u00bb, exclamou. Este contratempo acontece pouco tempo depois de In\u00eas Sim\u00f5es, de 41 anos, se mudar.<\/p>\n<p><img loading=\"lazy\" decoding=\"async\" alt=\"\" height=\"1422\" src=\"https:\/\/www.europesays.com\/pt\/wp-content\/uploads\/2025\/11\/691c376dd34e2bd5c6d41e21.webp\" width=\"800\"\/><\/p>\n<p>A nova habita\u00e7\u00e3o de In\u00eas Sim\u00f5es, tem vista mar, uma piscina e muito glamour. <a href=\"https:\/\/tvi.iol.pt\/secretstory\/ines-simoes\/casa\/decoracao-tropical-e-vista-de-cortar-a-respiracao-espreite-ao-detalhe-a-casa-de-luxo-de-ines-simoes\" rel=\"nofollow noopener\" target=\"_blank\">Um espa\u00e7o de luxo com dois andares e uma vista privilegiada.<\/a><\/p>\n<p>Recentemente, In\u00eas Sim\u00f5es mostrou a decora\u00e7\u00e3o da sala e explicou que optou por um estilo \u00abmais tropical\u00bb, ao mesmo tempo de que agradeceu aos profissionais que t\u00eam colocado as suas ideias em pr\u00e1tica.<\/p>\n<p>Al\u00e9m disso, frisou que esta casa nova \u00e9 fruto do seu trabalho e esfor\u00e7o di\u00e1rio. \u00abNada me foi dado de m\u00e3o beijada (a n\u00e3o ser a educa\u00e7\u00e3o e os valores que agrade\u00e7o todos os dias aos meus pais. Agora \u00e9 tempo de a transformar no lar da minha fam\u00edlia\u00bb, declarou.<\/p>\n<p>In\u00eas Sim\u00f5es \u00e9 m\u00e3e de Beatriz, de 15 anos.<\/p>\n<p><strong>Percorra a galeria e espreite, ao detalhe, a nova casa de luxo de In\u00eas Sim\u00f5es.<\/strong><\/p>\n<p style=\"margin-bottom:11px\">\u00a0<\/p>\n<p style=\"margin-bottom:11px\">\u00a0<\/p>\n<p style=\"margin-bottom:11px\">\u00a0<\/p>\n","protected":false},"excerpt":{"rendered":"In\u00eas Sim\u00f5es usou as redes sociais para mostrar as consequ\u00eancias do mau tempo na sua casa nova. A&hellip;\n","protected":false},"author":2,"featured_media":156784,"comment_status":"","ping_status":"","sticky":false,"template":"","format":"standard","meta":{"footnotes":""},"categories":[142],"tags":[18706,114,115,18705,8351,32,33,151,18704],"class_list":{"0":"post-156783","1":"post","2":"type-post","3":"status-publish","4":"format-standard","5":"has-post-thumbnail","7":"category-tv","8":"tag-bastidores-secret-story","9":"tag-entertainment","10":"tag-entretenimento","11":"tag-entrevistas-concorrentes-tvi","12":"tag-ines-simoes","13":"tag-portugal","14":"tag-pt","15":"tag-tv","16":"tag-vida-fora-da-casa"},"share_on_mastodon":{"url":"https:\/\/pubeurope.com\/@pt\/115572226616092609","error":""},"_links":{"self":[{"href":"https:\/\/www.europesays.com\/pt\/wp-json\/wp\/v2\/posts\/156783","targetHints":{"allow":["GET"]}}],"collection":[{"href":"https:\/\/www.europesays.com\/pt\/wp-json\/wp\/v2\/posts"}],"about":[{"href":"https:\/\/www.europesays.com\/pt\/wp-json\/wp\/v2\/types\/post"}],"author":[{"embeddable":true,"href":"https:\/\/www.europesays.com\/pt\/wp-json\/wp\/v2\/users\/2"}],"replies":[{"embeddable":true,"href":"https:\/\/www.europesays.com\/pt\/wp-json\/wp\/v2\/comments?post=156783"}],"version-history":[{"count":0,"href":"https:\/\/www.europesays.com\/pt\/wp-json\/wp\/v2\/posts\/156783\/revisions"}],"wp:featuredmedia":[{"embeddable":true,"href":"https:\/\/www.europesays.com\/pt\/wp-json\/wp\/v2\/media\/156784"}],"wp:attachment":[{"href":"https:\/\/www.europesays.com\/pt\/wp-json\/wp\/v2\/media?parent=156783"}],"wp:term":[{"taxonomy":"category","embeddable":true,"href":"https:\/\/www.europesays.com\/pt\/wp-json\/wp\/v2\/categories?post=156783"},{"taxonomy":"post_tag","embeddable":true,"href":"https:\/\/www.europesays.com\/pt\/wp-json\/wp\/v2\/tags?post=156783"}],"curies":[{"name":"wp","href":"https:\/\/api.w.org\/{rel}","templated":true}]}}