{"id":156785,"date":"2025-11-18T18:56:08","date_gmt":"2025-11-18T18:56:08","guid":{"rendered":"https:\/\/www.europesays.com\/pt\/156785\/"},"modified":"2025-11-18T18:56:08","modified_gmt":"2025-11-18T18:56:08","slug":"vocalista-dos-rammstein-foi-comer-a-um-restaurante-de-marisco-em-cascais","status":"publish","type":"post","link":"https:\/\/www.europesays.com\/pt\/156785\/","title":{"rendered":"Vocalista dos Rammstein foi comer a um restaurante de marisco em Cascais"},"content":{"rendered":"<p class=\"MsoNormal\">Till Lindemann, vocalista dos Rammstein, atuou esta segunda-feira na Meo Arena, em Lisboa, e aproveitou o regresso a Portugal para ir comer ao restaurante e peixe e marisco Mar do Inferno, em Cascais. <\/p>\n<p class=\"MsoNormal\">A passagem do m\u00fasico alem\u00e3o pelo estabelecimento de restaura\u00e7\u00e3o foi registada em fotografias, agora partilhadas nas redes sociais do Mar do Inferno \u2013 veja abaixo. <\/p>\n","protected":false},"excerpt":{"rendered":"Till Lindemann, vocalista dos Rammstein, atuou esta segunda-feira na Meo Arena, em Lisboa, e aproveitou o regresso a&hellip;\n","protected":false},"author":2,"featured_media":156786,"comment_status":"","ping_status":"","sticky":false,"template":"","format":"standard","meta":{"footnotes":""},"categories":[141],"tags":[114,115,149,150,32,33],"class_list":{"0":"post-156785","1":"post","2":"type-post","3":"status-publish","4":"format-standard","5":"has-post-thumbnail","7":"category-musica","8":"tag-entertainment","9":"tag-entretenimento","10":"tag-music","11":"tag-musica","12":"tag-portugal","13":"tag-pt"},"share_on_mastodon":{"url":"https:\/\/pubeurope.com\/@pt\/115572230498146783","error":""},"_links":{"self":[{"href":"https:\/\/www.europesays.com\/pt\/wp-json\/wp\/v2\/posts\/156785","targetHints":{"allow":["GET"]}}],"collection":[{"href":"https:\/\/www.europesays.com\/pt\/wp-json\/wp\/v2\/posts"}],"about":[{"href":"https:\/\/www.europesays.com\/pt\/wp-json\/wp\/v2\/types\/post"}],"author":[{"embeddable":true,"href":"https:\/\/www.europesays.com\/pt\/wp-json\/wp\/v2\/users\/2"}],"replies":[{"embeddable":true,"href":"https:\/\/www.europesays.com\/pt\/wp-json\/wp\/v2\/comments?post=156785"}],"version-history":[{"count":0,"href":"https:\/\/www.europesays.com\/pt\/wp-json\/wp\/v2\/posts\/156785\/revisions"}],"wp:featuredmedia":[{"embeddable":true,"href":"https:\/\/www.europesays.com\/pt\/wp-json\/wp\/v2\/media\/156786"}],"wp:attachment":[{"href":"https:\/\/www.europesays.com\/pt\/wp-json\/wp\/v2\/media?parent=156785"}],"wp:term":[{"taxonomy":"category","embeddable":true,"href":"https:\/\/www.europesays.com\/pt\/wp-json\/wp\/v2\/categories?post=156785"},{"taxonomy":"post_tag","embeddable":true,"href":"https:\/\/www.europesays.com\/pt\/wp-json\/wp\/v2\/tags?post=156785"}],"curies":[{"name":"wp","href":"https:\/\/api.w.org\/{rel}","templated":true}]}}