{"id":156787,"date":"2025-11-18T18:57:10","date_gmt":"2025-11-18T18:57:10","guid":{"rendered":"https:\/\/www.europesays.com\/pt\/156787\/"},"modified":"2025-11-18T18:57:10","modified_gmt":"2025-11-18T18:57:10","slug":"parte-2-e-bom-leia-a-critica-do-musical-de-magico-de-oz","status":"publish","type":"post","link":"https:\/\/www.europesays.com\/pt\/156787\/","title":{"rendered":"Parte 2 \u00e9 bom? Leia a CR\u00cdTICA do musical de M\u00e1gico de Oz"},"content":{"rendered":"<p>Visuais incr\u00edveis e m\u00fasicas inesquec\u00edveis fizeram de Wicked uma das melhores experi\u00eancias cinematogr\u00e1ficas de 2024. A est\u00e9tica e as belas vozes de <strong>Cynthia Erivo<\/strong> e <strong>Ariana Grande<\/strong> justificaram as quase tr\u00eas horas do longa-metragem original. Isso elevou as expectativas para a sequ\u00eancia, que j\u00e1 nasce com a miss\u00e3o de trazer uma trama mais profunda e que trace um destino para todos os caminhos que se abriram na estrada de tijolos amarelos do original. Por\u00e9m, <strong>Wicked: Parte 2<\/strong> n\u00e3o alcan\u00e7a esses objetivos \u2014 e parte da culpa \u00e9 do material original.<\/p>\n<p>O novo filme de <strong>Jon M. Chu<\/strong> \u00e9 exageradamente sequencial, sem propor nenhuma nova ideia para o espectador. Do in\u00edcio ao fim, o que encontramos \u00e9 puramente uma continua\u00e7\u00e3o de tudo o que a primeira parte da hist\u00f3ria come\u00e7ou \u2014 como a deser\u00e7\u00e3o de Elphaba (Erivo) e a parceria de Glinda (Grande) com o M\u00e1gico (<strong>Jeff Goldblum<\/strong>) e Madame Morrible (<strong>Michelle Yeoh<\/strong>) \u2014 e esse \u00e9 o primeiro trope\u00e7o que o filme toma devido ao material original. Sem um enredo para chamar de seu, o filme se torna um \u201cextra\u201d do anterior, em vez de encontrar a pr\u00f3pria raz\u00e3o de existir.<\/p>\n<p>            Continua depois da Publicidade<\/p>\n<p>Como na pe\u00e7a, o grupinho de O M\u00e1gico de Oz \u00e9 retratado como um bando desajustado e quase n\u00e3o tem tempo de tela, com exce\u00e7\u00e3o do Homem de Lata, que sempre teve uma participa\u00e7\u00e3o relevante na trama. Essa escolha, refor\u00e7ada ao longo do filme, justifica o fato de nenhum desses personagens ter sua hist\u00f3ria aprofundada, mas tamb\u00e9m contribui para a m\u00e1 impress\u00e3o de que nada \u00e9 realmente explorado na hist\u00f3ria.<\/p>\n<p>Essa fragilidade, que replica o apressado segundo ato do musical, se mostra em v\u00e1rios exemplos, como no tornado que Madame Morrible lan\u00e7a contra a irm\u00e3 de Elphaba. Apesar de o filme dar uma import\u00e2ncia excepcional para esse momento, criando um clima sombrio em torno da situa\u00e7\u00e3o, a cena seguinte mostra uma resolu\u00e7\u00e3o extremamente teatral e anticlim\u00e1tica \u2014 um recurso que pode cair bem nos palcos, mas que n\u00e3o combina muito com o clima de um longa-metragem.\u00a0<\/p>\n<p>Ainda assim, o filme repete sua virtude est\u00e9tica com figurinos deslumbrantes e cores que se encaixam perfeitamente, como em um grande vitral animado. Cynthia e Ariana repetem seus poderosos n\u00fameros musicais com direito a can\u00e7\u00f5es que n\u00e3o existem na pe\u00e7a. At\u00e9 Jeff Goldblum e Michelle Yeoh t\u00eam seus momentos musicais, mesmo que sem o mesmo n\u00edvel das protagonistas \u2014 o que ningu\u00e9m nunca exigiu.<\/p>\n<p>Mesmo com mais de duas horas, Wicked: Parte 2 parece estar correndo do in\u00edcio ao fim. Sem tempo de olhar para o lado, a produ\u00e7\u00e3o segue sem parar para o desfecho de suas duas protagonistas, enquanto o resto \u00e9 deixado para tr\u00e1s. Sem o mesmo brilho do original, a sequ\u00eancia encanta pela sua beleza, mas perde for\u00e7a com um ritmo quebrado e tens\u00f5es que n\u00e3o se mant\u00eam at\u00e9 o fim.\u00a0<\/p>\n<p>    Wicked For Good<\/p>\n<p>        <img decoding=\"async\" data-lazy-src=\"https:\/\/cdn.ome.lt\/upARWbDH-5eyzSko_ZF7kf51mdY=\/253x334\/smart\/filters:format(webp)\/extras\/capas\/59edf70f-92f4-4be7-a8b2-fdfb11d64bcc.png\" src=\"data:image\/png;base64,iVBORw0KGgoAAAANSUhEUgAAAAEAAAABCAQAAAC1HAwCAAAAC0lEQVR42mNkYAAAAAYAAjCB0C8AAAAASUVORK5CYII=\" alt=\"\"\/><\/p>\n<p>\n          Pa\u00eds:<br \/>\n          EUA\n        <\/p>\n<p>\n          Classifica\u00e7\u00e3o:<\/p>\n<p>            10 anos<\/p>\n<p>\n          Dire\u00e7\u00e3o:<\/p>\n<p>            Jon M. Chu<\/p>\n<p>\n          Elenco:<\/p>\n<p>            Jonathan Bailey, <\/p>\n<p>            Michelle Yeoh, <\/p>\n<p>            Cynthia Erivo, <\/p>\n<p>            Jeff Goldblum, <\/p>\n<p>            Ariana Grande<\/p>\n<p>Onde assistir:<\/p>\n<p>          Oferecido por<br \/>\n          <a href=\"https:\/\/www.justwatch.com\/br\" target=\"_blank\" class=\"justwatch-logo-link\" rel=\"nofollow noopener\"><br \/>\n            <img decoding=\"async\" src=\"https:\/\/www.europesays.com\/pt\/wp-content\/uploads\/2025\/10\/justwatch_icon.png\" alt=\"JustWatch\" class=\"justwatch-logo\"\/><br \/>\n          <\/a><\/p>\n","protected":false},"excerpt":{"rendered":"Visuais incr\u00edveis e m\u00fasicas inesquec\u00edveis fizeram de Wicked uma das melhores experi\u00eancias cinematogr\u00e1ficas de 2024. A est\u00e9tica e&hellip;\n","protected":false},"author":2,"featured_media":156788,"comment_status":"","ping_status":"","sticky":false,"template":"","format":"standard","meta":{"footnotes":""},"categories":[140],"tags":[114,115,147,148,146,32,33],"class_list":{"0":"post-156787","1":"post","2":"type-post","3":"status-publish","4":"format-standard","5":"has-post-thumbnail","7":"category-filmes","8":"tag-entertainment","9":"tag-entretenimento","10":"tag-film","11":"tag-filmes","12":"tag-movies","13":"tag-portugal","14":"tag-pt"},"share_on_mastodon":{"url":"https:\/\/pubeurope.com\/@pt\/115572234795394119","error":""},"_links":{"self":[{"href":"https:\/\/www.europesays.com\/pt\/wp-json\/wp\/v2\/posts\/156787","targetHints":{"allow":["GET"]}}],"collection":[{"href":"https:\/\/www.europesays.com\/pt\/wp-json\/wp\/v2\/posts"}],"about":[{"href":"https:\/\/www.europesays.com\/pt\/wp-json\/wp\/v2\/types\/post"}],"author":[{"embeddable":true,"href":"https:\/\/www.europesays.com\/pt\/wp-json\/wp\/v2\/users\/2"}],"replies":[{"embeddable":true,"href":"https:\/\/www.europesays.com\/pt\/wp-json\/wp\/v2\/comments?post=156787"}],"version-history":[{"count":0,"href":"https:\/\/www.europesays.com\/pt\/wp-json\/wp\/v2\/posts\/156787\/revisions"}],"wp:featuredmedia":[{"embeddable":true,"href":"https:\/\/www.europesays.com\/pt\/wp-json\/wp\/v2\/media\/156788"}],"wp:attachment":[{"href":"https:\/\/www.europesays.com\/pt\/wp-json\/wp\/v2\/media?parent=156787"}],"wp:term":[{"taxonomy":"category","embeddable":true,"href":"https:\/\/www.europesays.com\/pt\/wp-json\/wp\/v2\/categories?post=156787"},{"taxonomy":"post_tag","embeddable":true,"href":"https:\/\/www.europesays.com\/pt\/wp-json\/wp\/v2\/tags?post=156787"}],"curies":[{"name":"wp","href":"https:\/\/api.w.org\/{rel}","templated":true}]}}