{"id":156795,"date":"2025-11-18T19:02:15","date_gmt":"2025-11-18T19:02:15","guid":{"rendered":"https:\/\/www.europesays.com\/pt\/156795\/"},"modified":"2025-11-18T19:02:15","modified_gmt":"2025-11-18T19:02:15","slug":"adeus-definitivo-ao-ford-focus-empresa-encerra-a-producao-do-modelo","status":"publish","type":"post","link":"https:\/\/www.europesays.com\/pt\/156795\/","title":{"rendered":"Adeus definitivo ao Ford Focus! Empresa encerra a produ\u00e7\u00e3o do modelo"},"content":{"rendered":"<p>Ap\u00f3s quase tr\u00eas d\u00e9cadas de sucesso e milh\u00f5es de unidades vendidas, o ic\u00f3nico Ford Focus prepara-se para sair de cena. A Ford confirmou o fim da produ\u00e7\u00e3o do modelo no dia 14 de novembro de 2025, um marco que assinala uma profunda mudan\u00e7a estrat\u00e9gica da marca, agora focada na eletrifica\u00e7\u00e3o da sua gama europeia.<\/p>\n<p style=\"text-align: center;\"><a target=\"_blank\" href=\"https:\/\/pplware.sapo.pt\/wp-content\/uploads\/2020\/04\/ford_focus_1.jpg\" onclick=\"refreshIframe()\" class=\"foobox\" rel=\"nofollow noopener\"><img fetchpriority=\"high\" decoding=\"async\" src=\"https:\/\/www.europesays.com\/pt\/wp-content\/uploads\/2025\/11\/ford_focus_1-1024x576.jpg\" alt=\"\" width=\"720\" height=\"405\" class=\"alignnone size-large wp-image-668559\"  \/><\/a><\/p>\n<p>O fim da linha para um \u00edcone<\/p>\n<p>A not\u00edcia, embora esperada por muitos, marca o encerramento de um cap\u00edtulo de 27 anos na hist\u00f3ria da Ford. Segundo informa\u00e7\u00f5es avan\u00e7adas pelo portal <a target=\"_blank\" href=\"https:\/\/www.carthrottle.com\/news\/ford-focus-production-ends-after-27-years\" rel=\"nofollow noopener\">Motor1<\/a>, a \u00faltima unidade do Ford Focus saiu da linha de montagem de Saarlouis, na Alemanha, a 14 de novembro de 2025.<\/p>\n<blockquote>\n<p>Tratava-se de um hatchback branco de cinco portas.<\/p>\n<\/blockquote>\n<p>Detalhou Volker Eis, Diretor de Comunica\u00e7\u00e3o Corporativa da Ford Europa, confirmando que a f\u00e1brica alem\u00e3 n\u00e3o produzir\u00e1 mais ve\u00edculos para a marca. O futuro da Ford passa agora por modelos el\u00e9tricos, <strong>como os novos Capri e Explorer<\/strong>.<\/p>\n<p>O Focus, juntamente com o Fiesta &#8211; descontinuado em meados de 2023 -, foi um dos pilares do sucesso da Ford no continente europeu. Estes dois modelos foram fundamentais <strong>para que a fabricante se tornasse a segunda maior marca na Europa em 2015<\/strong>.<\/p>\n<p>Contudo, as novas tend\u00eancias de mercado, a altera\u00e7\u00e3o dos h\u00e1bitos de consumo e, principalmente, a transi\u00e7\u00e3o para a mobilidade el\u00e9trica<strong> ditaram o fim de dois autom\u00f3veis<\/strong> que lideraram as tabelas de vendas durante v\u00e1rias d\u00e9cadas.<\/p>\n<p style=\"text-align: center;\"><a target=\"_blank\" href=\"https:\/\/pplware.sapo.pt\/wp-content\/uploads\/2023\/07\/ford_fiesta01.jpg\" onclick=\"refreshIframe()\" class=\"foobox\" rel=\"nofollow noopener\"><img loading=\"lazy\" decoding=\"async\" src=\"https:\/\/www.europesays.com\/pt\/wp-content\/uploads\/2025\/11\/ford_fiesta01-1024x576.jpg\" alt=\"Ford Fiesta\" width=\"720\" height=\"405\" class=\"alignnone size-large wp-image-933318\"  \/><\/a><\/p>\n<p>A aposta na eletrifica\u00e7\u00e3o pela Ford<\/p>\n<p>Apesar de a not\u00edcia poder surpreender alguns entusiastas, a verdade \u00e9 que o fim do Focus j\u00e1 tinha sido anunciado. Em 2022, Stuart Rowley, antigo presidente da Ford Europa, <a target=\"_blank\" href=\"https:\/\/www.autocar.co.uk\/car-news\/business-tech%2C-development-and-manufacturing\/ford-focus-production-end-2025\" rel=\"nofollow noopener\">revelou<\/a> que a f\u00e1brica de Saarlouis encerraria a produ\u00e7\u00e3o de ve\u00edculos em 2025.<\/p>\n<blockquote>\n<p>Estamos a procurar oportunidades alternativas para a produ\u00e7\u00e3o de ve\u00edculos em Saarlouis, incluindo a venda a outros fabricantes. N\u00e3o temos no nosso ciclo de planeamento um modelo adicional que entre em Saarlouis.<\/p>\n<\/blockquote>\n<p>Afirmou na altura.<\/p>\n<p>Com esta decis\u00e3o, a empresa concentrou os seus esfor\u00e7os e investimentos na f\u00e1brica de Almussafes, em Val\u00eancia, que se tornou o centro nevr\u00e1lgico para o desenvolvimento da sua nova plataforma para ve\u00edculos el\u00e9tricos, <strong>conhecida como GE2<\/strong>.<\/p>\n<p style=\"text-align: center;\"><a target=\"_blank\" href=\"https:\/\/pplware.sapo.pt\/wp-content\/uploads\/2024\/11\/ford00.jpg\" onclick=\"refreshIframe()\" class=\"foobox\" rel=\"nofollow noopener\"><img loading=\"lazy\" decoding=\"async\" src=\"https:\/\/www.europesays.com\/pt\/wp-content\/uploads\/2025\/11\/ford00-1024x576.jpg\" alt=\"\" width=\"720\" height=\"405\" class=\"alignnone size-large wp-image-1027557\"  \/><\/a><\/p>\n<p>As raz\u00f5es por tr\u00e1s do decl\u00ednio do Ford Focus: mais do que apenas el\u00e9tricos<\/p>\n<p>Embora a eletrifica\u00e7\u00e3o seja o principal motor desta transforma\u00e7\u00e3o, n\u00e3o \u00e9 a \u00fanica causa para o desaparecimento do Focus. O princ\u00edpio do fim para um dos hatchbacks mais populares do mundo come\u00e7ou em abril de 2018, quando a Ford anunciou <strong>que iria descontinuar a venda de berlinas nos Estados Unidos<\/strong>.<\/p>\n<p>A empresa decidiu alinhar-se com a crescente procura por SUVs, focando a sua produ\u00e7\u00e3o neste tipo de ve\u00edculos, a par das tradicionais pickups e comerciais. Esta decis\u00e3o foi justificada por uma clara invers\u00e3o nas tend\u00eancias de mercado. Ap\u00f3s atingir o pico de vendas e ser o carro mais vendido do mundo em 2012, <strong>o Focus iniciou um decl\u00ednio acentuado a partir de 2014<\/strong>.<\/p>\n<p>Os consumidores come\u00e7aram a preferir SUVs e crossovers, ve\u00edculos que, para al\u00e9m da popularidade, <strong>ofereciam margens de lucro mais elevadas para a fabricante<\/strong>.<\/p>\n<p>O fim do Focus deixa uma lacuna no segmento C da Ford, mas a marca j\u00e1 tem um plano para a preencher. De acordo com a revista <a target=\"_blank\" href=\"https:\/\/www.autocar.co.uk\/car-news\/new-cars\/exclusive-crucial-ford-focus-suv-due-2027-lead-europe-fightback\" rel=\"nofollow noopener\">Autocar<\/a>, a empresa est\u00e1 a preparar o lan\u00e7amento de um novo crossover em 2027, que ser\u00e1 produzido em Espanha e funcionar\u00e1 como o seu substituto espiritual. Este novo modelo ser\u00e1 baseado na arquitetura C2, <strong>a mesma plataforma utilizada pela quarta gera\u00e7\u00e3o do Focus<\/strong>.<\/p>\n<p>\u00a0<\/p>\n<p><strong>Leia tamb\u00e9m:<\/strong><\/p>\n","protected":false},"excerpt":{"rendered":"Ap\u00f3s quase tr\u00eas d\u00e9cadas de sucesso e milh\u00f5es de unidades vendidas, o ic\u00f3nico Ford Focus prepara-se para sair&hellip;\n","protected":false},"author":2,"featured_media":156796,"comment_status":"","ping_status":"","sticky":false,"template":"","format":"standard","meta":{"footnotes":""},"categories":[83],"tags":[88,89,90,7386,18676,32,33],"class_list":{"0":"post-156795","1":"post","2":"type-post","3":"status-publish","4":"format-standard","5":"has-post-thumbnail","7":"category-empresas","8":"tag-business","9":"tag-economy","10":"tag-empresas","11":"tag-ford","12":"tag-ford-focus","13":"tag-portugal","14":"tag-pt"},"share_on_mastodon":{"url":"https:\/\/pubeurope.com\/@pt\/115572254065347512","error":""},"_links":{"self":[{"href":"https:\/\/www.europesays.com\/pt\/wp-json\/wp\/v2\/posts\/156795","targetHints":{"allow":["GET"]}}],"collection":[{"href":"https:\/\/www.europesays.com\/pt\/wp-json\/wp\/v2\/posts"}],"about":[{"href":"https:\/\/www.europesays.com\/pt\/wp-json\/wp\/v2\/types\/post"}],"author":[{"embeddable":true,"href":"https:\/\/www.europesays.com\/pt\/wp-json\/wp\/v2\/users\/2"}],"replies":[{"embeddable":true,"href":"https:\/\/www.europesays.com\/pt\/wp-json\/wp\/v2\/comments?post=156795"}],"version-history":[{"count":0,"href":"https:\/\/www.europesays.com\/pt\/wp-json\/wp\/v2\/posts\/156795\/revisions"}],"wp:featuredmedia":[{"embeddable":true,"href":"https:\/\/www.europesays.com\/pt\/wp-json\/wp\/v2\/media\/156796"}],"wp:attachment":[{"href":"https:\/\/www.europesays.com\/pt\/wp-json\/wp\/v2\/media?parent=156795"}],"wp:term":[{"taxonomy":"category","embeddable":true,"href":"https:\/\/www.europesays.com\/pt\/wp-json\/wp\/v2\/categories?post=156795"},{"taxonomy":"post_tag","embeddable":true,"href":"https:\/\/www.europesays.com\/pt\/wp-json\/wp\/v2\/tags?post=156795"}],"curies":[{"name":"wp","href":"https:\/\/api.w.org\/{rel}","templated":true}]}}