{"id":156799,"date":"2025-11-18T19:10:10","date_gmt":"2025-11-18T19:10:10","guid":{"rendered":"https:\/\/www.europesays.com\/pt\/156799\/"},"modified":"2025-11-18T19:10:10","modified_gmt":"2025-11-18T19:10:10","slug":"ex-primeira-ministra-do-bangladesh-condenada-a-morte-pela-repressao-dos-protestos-de-2024","status":"publish","type":"post","link":"https:\/\/www.europesays.com\/pt\/156799\/","title":{"rendered":"Ex-primeira-ministra do Bangladesh condenada \u00e0 morte pela repress\u00e3o dos protestos de 2024"},"content":{"rendered":"<p data-remotead-prev-elm=\"true\" data-remotead-elm-id=\"inread\">&#8220;As senten\u00e7as anunciadas contra mim foram decididas por um tribunal ilegal, nomeado e presidido por um Governo que n\u00e3o foi eleito e sem mandato democr\u00e1tico&#8221;, disse Hasina, de 78 anos, em comunicado. &#8220;S\u00e3o tendenciosas e t\u00eam motiva\u00e7\u00f5es pol\u00edticas&#8221;, acrescentou a ex-mandat\u00e1ria na nota.<\/p>\n<p>&#8220;Este veredicto de culpada foi predeterminado. N\u00e3o tenho medo de enfrentar os meus acusadores perante um tribunal imparcial, no qual as provas possam ser vistas de forma honesta&#8221;, acrescentou.<\/p>\n<p>O tribunal tamb\u00e9m condenou \u00e0 morte o ex-ministro do Interior, Asaduzzaman Khan Kamal, que tamb\u00e9m est\u00e1 em fuga. O ex-chefe da pol\u00edcia, Chowdhury Abdullah Al-Mamun, que est\u00e1 sob cust\u00f3dia e declarou-se culpado, foi condenado a cinco anos de pris\u00e3o.<\/p>\n<p data-remotead-prev-elm=\"true\" data-remotead-elm-id=\"centro1\">Um tribunal do Bangladesh condenou esta segunda-feira a ex-primeira-ministra Sheikh Hasina \u00e0 morte por ter ordenado a repress\u00e3o violenta dos protestos que levaram \u00e0 sua deposi\u00e7\u00e3o no ver\u00e3o de 2024. &#8220;Todos os elementos (&#8230;) que constituem crimes contra a humanidade est\u00e3o presentes. N\u00f3s decidimos impor apenas uma senten\u00e7a: a pena de morte&#8221;, declarou o juiz Golam Mortuza Mozumder, do tribunal de Daca.<\/p>\n<p>Sheikh Hasina, que fugiu para a \u00cdndia em agosto de 2024, estava a ser julgada \u00e0 revelia desde junho por um tribunal da capital do Bangladesh.<\/p>\n<p>No final do julgamento, os ju\u00edzes consideraram-na culpada de crimes contra a humanidade &#8211; incluindo o incitamento ao assass\u00ednio e de ordenar mortes -, de acordo com a senten\u00e7a. Hasina sempre negou as acusa\u00e7\u00f5es das autoridades judiciais do Bangladesh.<\/p>\n<p>1400 mortos<\/p>\n<p data-remotead-prev-elm=\"true\" data-remotead-elm-id=\"centro2\">Em julho e agosto de 2024, os protestos antigovernamentais que a obrigaram a fugir do pa\u00eds, ap\u00f3s 15 anos no poder, fizeram pelo menos 1400 mortos, segundo as Na\u00e7\u00f5es Unidas, a maioria civis.<\/p>\n<p>Num pa\u00eds j\u00e1 sob intensa tens\u00e3o pol\u00edtica e com as elei\u00e7\u00f5es parlamentares marcadas para daqui a tr\u00eas meses, esta decis\u00e3o estava a ser muito aguardada.<\/p>\n<p>A pol\u00edcia da capital foi colocada em alerta m\u00e1ximo e um grande n\u00famero de agentes foram mobilizados para a zona em redor do tribunal e em todos os pontos-chave da cidade, observaram os jornalistas da ag\u00eancia de not\u00edcias AFP.<\/p>\n<p data-remotead-prev-elm=\"true\" data-remotead-elm-id=\"centro3\">Os problemas legais de Sheikh Hasina n\u00e3o terminam com este julgamento. \u00c9 tamb\u00e9m alvo de in\u00fameras den\u00fancias sobre v\u00e1rios assassinatos e raptos ao longo dos seus mandatos, pelos seus advers\u00e1rios pol\u00edticos e organiza\u00e7\u00f5es n\u00e3o-governamentais (ONG).<\/p>\n<p>Uma comiss\u00e3o de inqu\u00e9rito estimou recentemente que o Governo da primeira-ministra ordenou o desaparecimento de mais de 250 membros da oposi\u00e7\u00e3o.<\/p>\n<p>Ap\u00f3s vencer as elei\u00e7\u00f5es parlamentares no in\u00edcio de 2024, consideradas fraudulentas, o partido Hasina, a Liga Awami, foi agora banido pelo atual Governo interino do Bangladesh liderado pelo Pr\u00e9mio Nobel da Paz, Muhammad Yunus.<\/p>\n<p>Na oposi\u00e7\u00e3o durante o Governo de Hasina, o Partido Nacionalista do Bangladesh (BNP, na sigla em ingl\u00eas) \u00e9 considerado o favorito nas pr\u00f3ximas elei\u00e7\u00f5es.<\/p>\n","protected":false},"excerpt":{"rendered":"&#8220;As senten\u00e7as anunciadas contra mim foram decididas por um tribunal ilegal, nomeado e presidido por um Governo que&hellip;\n","protected":false},"author":2,"featured_media":156800,"comment_status":"","ping_status":"","sticky":false,"template":"","format":"standard","meta":{"footnotes":""},"categories":[8],"tags":[8566,27,28,15,16,14,25,26,21,22,62,12,13,19,20,6657,32,23,24,33,17,18,29,30,31],"class_list":{"0":"post-156799","1":"post","2":"type-post","3":"status-publish","4":"format-standard","5":"has-post-thumbnail","7":"category-principais-noticias","8":"tag-bangladesh","9":"tag-breaking-news","10":"tag-breakingnews","11":"tag-featured-news","12":"tag-featurednews","13":"tag-headlines","14":"tag-latest-news","15":"tag-latestnews","16":"tag-main-news","17":"tag-mainnews","18":"tag-mundo","19":"tag-news","20":"tag-noticias","21":"tag-noticias-principais","22":"tag-noticiasprincipais","23":"tag-pena-de-morte","24":"tag-portugal","25":"tag-principais-noticias","26":"tag-principaisnoticias","27":"tag-pt","28":"tag-top-stories","29":"tag-topstories","30":"tag-ultimas","31":"tag-ultimas-noticias","32":"tag-ultimasnoticias"},"share_on_mastodon":{"url":"","error":""},"_links":{"self":[{"href":"https:\/\/www.europesays.com\/pt\/wp-json\/wp\/v2\/posts\/156799","targetHints":{"allow":["GET"]}}],"collection":[{"href":"https:\/\/www.europesays.com\/pt\/wp-json\/wp\/v2\/posts"}],"about":[{"href":"https:\/\/www.europesays.com\/pt\/wp-json\/wp\/v2\/types\/post"}],"author":[{"embeddable":true,"href":"https:\/\/www.europesays.com\/pt\/wp-json\/wp\/v2\/users\/2"}],"replies":[{"embeddable":true,"href":"https:\/\/www.europesays.com\/pt\/wp-json\/wp\/v2\/comments?post=156799"}],"version-history":[{"count":0,"href":"https:\/\/www.europesays.com\/pt\/wp-json\/wp\/v2\/posts\/156799\/revisions"}],"wp:featuredmedia":[{"embeddable":true,"href":"https:\/\/www.europesays.com\/pt\/wp-json\/wp\/v2\/media\/156800"}],"wp:attachment":[{"href":"https:\/\/www.europesays.com\/pt\/wp-json\/wp\/v2\/media?parent=156799"}],"wp:term":[{"taxonomy":"category","embeddable":true,"href":"https:\/\/www.europesays.com\/pt\/wp-json\/wp\/v2\/categories?post=156799"},{"taxonomy":"post_tag","embeddable":true,"href":"https:\/\/www.europesays.com\/pt\/wp-json\/wp\/v2\/tags?post=156799"}],"curies":[{"name":"wp","href":"https:\/\/api.w.org\/{rel}","templated":true}]}}