{"id":156801,"date":"2025-11-18T19:10:16","date_gmt":"2025-11-18T19:10:16","guid":{"rendered":"https:\/\/www.europesays.com\/pt\/156801\/"},"modified":"2025-11-18T19:10:16","modified_gmt":"2025-11-18T19:10:16","slug":"nao-esta-magro-esta-esqueletico-associado-a-doenca-gravissima-ze-lopes-tem-algo-a-dizer","status":"publish","type":"post","link":"https:\/\/www.europesays.com\/pt\/156801\/","title":{"rendered":"&#8220;N\u00e3o est\u00e1 magro. Est\u00e1 esquel\u00e9tico&#8221;: associado a &#8220;doen\u00e7a grav\u00edssima&#8221;, Z\u00e9 Lopes tem algo a dizer!"},"content":{"rendered":"<p>Tal como tem demonstrado, no Instagram, <a href=\"https:\/\/selfie.iol.pt\/famosos\/ze-lopes\/ze-lopes-sofre-em-noite-dificil-agora-entendo\/20251118\/691c2d2cd34e2bd5c6d41ddb\" target=\"_blank\" rel=\"nofollow noopener\">Z\u00e9 Lopes<\/a>\u00a0tem passado por uma acentuada perda de peso, estando, assim, com uma imagem bastante diferente.<\/p>\n<p>Essa transforma\u00e7\u00e3o dr\u00e1stica de estilo de vida tem rendido muitas mensagens positivas, assim como uma ou outra cr\u00edtica.<\/p>\n<p>Desta vez, Z\u00e9 Lopes decidiu responder \u00e0 letra a uma mensagem negativa. &#8220;\u00c0s vezes, n\u00e3o consigo ficar calado. Embora saiba que o sil\u00eancio pode ser a melhor arma, sinto mesmo necessidade de responder. N\u00e3o podemos normalizar este tipo de mensagens&#8230; mesmo que a inten\u00e7\u00e3o n\u00e3o seja m\u00e1. As pessoas t\u00eam de refletir sobre o impacto que uma simples mensagem pode provocar nos outros, antes de a escreverem&#8221;, come\u00e7ou por assinalar o apresentador, de 28 anos.<\/p>\n<p>&#8220;A imagem de anorexia que passa e a influ\u00eancia que isso traz \u00e9, no m\u00ednimo, desastrosa. Cuide-se. N\u00e3o \u00e9 bonito e n\u00e3o venha dizer que \u00e9 saud\u00e1vel. N\u00e3o est\u00e1 magro. Est\u00e1 esquel\u00e9tico. N\u00e3o se engane a si mesmo. Nem deixe que o espelho o engane&#8221;, pode ler-se numa mensagem.<\/p>\n<p>E Z\u00e9 Lopes n\u00e3o conseguiu ficar indiferente: &#8220;Nada \u00e9 mais desastroso do que esta sua mensagem, garanto-lhe. N\u00e3o gostar da minha imagem \u00e9 um direito seu. Guardar essa opini\u00e3o para si, tamb\u00e9m. Mas evocar uma doen\u00e7a grav\u00edssima que mata milhares de pessoas diariamente j\u00e1 mostra uma total falta de conhecimento para n\u00e3o dizer falta de no\u00e7\u00e3o.&#8221;<\/p>\n<p>&#8220;Sou acompanhado diariamente por v\u00e1rios profissionais de \u00e1reas distintas e nunca estive t\u00e3o saud\u00e1vel. Um bem-haja&#8221;, esclareceu ainda.<\/p>\n<p>Veja, agora, algumas das melhores imagens de Z\u00e9 Lopes nas galerias de fotografias que prepar\u00e1mos para si.<\/p>\n<p><img decoding=\"async\" alt=\"\" onclick=\"\" src=\"https:\/\/www.europesays.com\/pt\/wp-content\/uploads\/2025\/11\/1763493016_940_1024.jpeg\" title=\"Z\u00e9 Lopes\"\/><\/p>\n","protected":false},"excerpt":{"rendered":"Tal como tem demonstrado, no Instagram, Z\u00e9 Lopes\u00a0tem passado por uma acentuada perda de peso, estando, assim, com&hellip;\n","protected":false},"author":2,"featured_media":156802,"comment_status":"","ping_status":"","sticky":false,"template":"","format":"standard","meta":{"footnotes":""},"categories":[145],"tags":[6973,211,210,114,115,980,8237,1015,33649,619,32,33,1012,6972,6971],"class_list":{"0":"post-156801","1":"post","2":"type-post","3":"status-publish","4":"format-standard","5":"has-post-thumbnail","7":"category-celebridades","8":"tag-apresentador","9":"tag-celebridades","10":"tag-celebrities","11":"tag-entertainment","12":"tag-entretenimento","13":"tag-famosos","14":"tag-forma-fisica","15":"tag-instagram","16":"tag-magreza","17":"tag-nacional","18":"tag-portugal","19":"tag-pt","20":"tag-selfie","21":"tag-vmais","22":"tag-ze-lopes"},"share_on_mastodon":{"url":"https:\/\/pubeurope.com\/@pt\/115572285646022965","error":""},"_links":{"self":[{"href":"https:\/\/www.europesays.com\/pt\/wp-json\/wp\/v2\/posts\/156801","targetHints":{"allow":["GET"]}}],"collection":[{"href":"https:\/\/www.europesays.com\/pt\/wp-json\/wp\/v2\/posts"}],"about":[{"href":"https:\/\/www.europesays.com\/pt\/wp-json\/wp\/v2\/types\/post"}],"author":[{"embeddable":true,"href":"https:\/\/www.europesays.com\/pt\/wp-json\/wp\/v2\/users\/2"}],"replies":[{"embeddable":true,"href":"https:\/\/www.europesays.com\/pt\/wp-json\/wp\/v2\/comments?post=156801"}],"version-history":[{"count":0,"href":"https:\/\/www.europesays.com\/pt\/wp-json\/wp\/v2\/posts\/156801\/revisions"}],"wp:featuredmedia":[{"embeddable":true,"href":"https:\/\/www.europesays.com\/pt\/wp-json\/wp\/v2\/media\/156802"}],"wp:attachment":[{"href":"https:\/\/www.europesays.com\/pt\/wp-json\/wp\/v2\/media?parent=156801"}],"wp:term":[{"taxonomy":"category","embeddable":true,"href":"https:\/\/www.europesays.com\/pt\/wp-json\/wp\/v2\/categories?post=156801"},{"taxonomy":"post_tag","embeddable":true,"href":"https:\/\/www.europesays.com\/pt\/wp-json\/wp\/v2\/tags?post=156801"}],"curies":[{"name":"wp","href":"https:\/\/api.w.org\/{rel}","templated":true}]}}