{"id":156805,"date":"2025-11-18T19:15:16","date_gmt":"2025-11-18T19:15:16","guid":{"rendered":"https:\/\/www.europesays.com\/pt\/156805\/"},"modified":"2025-11-18T19:15:16","modified_gmt":"2025-11-18T19:15:16","slug":"acaert-noticias-14","status":"publish","type":"post","link":"https:\/\/www.europesays.com\/pt\/156805\/","title":{"rendered":"Acaert &#8211; Not\u00edcias"},"content":{"rendered":"<p class=\"resumo mb-3\">Valor m\u00e9dio recebido no estado \u00e9 de R$ 3,5 mil, conforme levantamento realizado pelo Departamento Intersindical de Estat\u00edstica e Estudos Socioecon\u00f4micos (DIEESE)<\/p>\n<p>                    18\/11\/2025<\/p>\n<p>                            &#13;<br \/>\n                                &#13;<\/p>\n<p><b>Entrevistada:<\/b><\/p>\n<p>Crystiane Peres &#8211; supervisora do Departamento Intersindical de Estat\u00edstica e Estudos Socioecon\u00f4micos (DIEESE) em Santa Catarina<\/p>\n<p class=\"mt-4\">Rep\u00f3rter: Kadu Reis \/ RNA Florian\u00f3polis<\/p>\n<p>                                <a href=\"https:\/\/www.acaert.com.br\/noticias\/noticias\" rel=\"nofollow noopener\" target=\"_blank\">Not\u00edcias&#13;<br \/>\n                                <\/a><\/p>\n<p>                            GERAL<\/p>\n","protected":false},"excerpt":{"rendered":"Valor m\u00e9dio recebido no estado \u00e9 de R$ 3,5 mil, conforme levantamento realizado pelo Departamento Intersindical de Estat\u00edstica&hellip;\n","protected":false},"author":2,"featured_media":156806,"comment_status":"","ping_status":"","sticky":false,"template":"","format":"standard","meta":{"footnotes":""},"categories":[141],"tags":[114,115,149,150,32,33],"class_list":{"0":"post-156805","1":"post","2":"type-post","3":"status-publish","4":"format-standard","5":"has-post-thumbnail","7":"category-musica","8":"tag-entertainment","9":"tag-entretenimento","10":"tag-music","11":"tag-musica","12":"tag-portugal","13":"tag-pt"},"share_on_mastodon":{"url":"https:\/\/pubeurope.com\/@pt\/115572305524340027","error":""},"_links":{"self":[{"href":"https:\/\/www.europesays.com\/pt\/wp-json\/wp\/v2\/posts\/156805","targetHints":{"allow":["GET"]}}],"collection":[{"href":"https:\/\/www.europesays.com\/pt\/wp-json\/wp\/v2\/posts"}],"about":[{"href":"https:\/\/www.europesays.com\/pt\/wp-json\/wp\/v2\/types\/post"}],"author":[{"embeddable":true,"href":"https:\/\/www.europesays.com\/pt\/wp-json\/wp\/v2\/users\/2"}],"replies":[{"embeddable":true,"href":"https:\/\/www.europesays.com\/pt\/wp-json\/wp\/v2\/comments?post=156805"}],"version-history":[{"count":0,"href":"https:\/\/www.europesays.com\/pt\/wp-json\/wp\/v2\/posts\/156805\/revisions"}],"wp:featuredmedia":[{"embeddable":true,"href":"https:\/\/www.europesays.com\/pt\/wp-json\/wp\/v2\/media\/156806"}],"wp:attachment":[{"href":"https:\/\/www.europesays.com\/pt\/wp-json\/wp\/v2\/media?parent=156805"}],"wp:term":[{"taxonomy":"category","embeddable":true,"href":"https:\/\/www.europesays.com\/pt\/wp-json\/wp\/v2\/categories?post=156805"},{"taxonomy":"post_tag","embeddable":true,"href":"https:\/\/www.europesays.com\/pt\/wp-json\/wp\/v2\/tags?post=156805"}],"curies":[{"name":"wp","href":"https:\/\/api.w.org\/{rel}","templated":true}]}}