{"id":156813,"date":"2025-11-18T19:20:16","date_gmt":"2025-11-18T19:20:16","guid":{"rendered":"https:\/\/www.europesays.com\/pt\/156813\/"},"modified":"2025-11-18T19:20:16","modified_gmt":"2025-11-18T19:20:16","slug":"alto-minho-hoje-pode-ver-meteoros-a-71-quilometros-por-segundo","status":"publish","type":"post","link":"https:\/\/www.europesays.com\/pt\/156813\/","title":{"rendered":"Alto Minho: Hoje pode ver meteoros a 71 quil\u00f3metros\u2026 por segundo!"},"content":{"rendered":"<p>A depress\u00e3o Claudia j\u00e1 l\u00e1 vai. O c\u00e9u est\u00e1 pouco nublado ou limpo e<strong> podem dar-se as condi\u00e7\u00f5es ideais para observar esta noite uma chuva de meteoros.<\/strong><\/p>\n<p>\u00a0<\/p>\n<p>S\u00e3o as Le\u00f3nidas que, segundo a <a href=\"https:\/\/executivedigest.sapo.pt\/esta-e-a-primeira-de-duas-noites-com-espetaculo-inesquecivel-no-ceu-chuva-leonidas-esta-no-pico\/\" rel=\"nofollow noopener\" target=\"_blank\">Executive Digest<\/a>, <strong>voltam a oferecer um dos momentos altos do calend\u00e1rio astron\u00f3mico, com o pico previsto para esta noite. <\/strong><\/p>\n<p>\u00a0<\/p>\n<p>Poder\u00e3o ser observados<strong> at\u00e9 15 meteoros por hora sob c\u00e9us escuros<\/strong>, beneficiando de uma fase lunar favor\u00e1vel.<\/p>\n<p>\u00a0<\/p>\n<p><strong>A atividade prolonga-se ao longo de quase todo o m\u00eas,<\/strong> mas o m\u00e1ximo dever\u00e1 ocorrer por volta das 20h00 em Portugal continental desta segunda-feira.<\/p>\n<p>\u00a0<\/p>\n<p>Para observar o fen\u00f3meno, <strong>basta escolher um local escuro, afastado da polui\u00e7\u00e3o luminosa<\/strong>, e manter o olhar abrangente sobre o c\u00e9u.<\/p>\n<p>\u00a0<\/p>\n<p>Meteoros que surgem mais longe do radiante deixam rastos maiores e mais f\u00e1ceis de identificar, tornando o espet\u00e1culo mais vis\u00edvel e mais fotog\u00e9nico.<\/p>\n<p>\u00a0<\/p>\n<p><strong>As Le\u00f3nidas s\u00e3o uma chuva de meteoros anual<\/strong>, alimentada pelos detritos do cometa Tempel\u2013Tuttle, cujo per\u00edodo orbital \u00e9 de cerca de 33 anos.<\/p>\n<p>\u00a0<\/p>\n<p><strong>Os meteoros desta chuva s\u00e3o especialmente r\u00e1pidos, atingindo velocidades de 71 quil\u00f3metros por segundo,<\/strong> mais de 200 vezes a velocidade de uma bala de rifle, deixando rastos azul-esverdeados que podem permanecer vis\u00edveis durante v\u00e1rios minutos.<\/p>\n<p>\u00a0<\/p>\n<p>\u00a0<\/p>\n<p>[cr\u00e9dito fotografia: ilustrativa\/DR]<\/p>\n","protected":false},"excerpt":{"rendered":"A depress\u00e3o Claudia j\u00e1 l\u00e1 vai. O c\u00e9u est\u00e1 pouco nublado ou limpo e podem dar-se as condi\u00e7\u00f5es&hellip;\n","protected":false},"author":2,"featured_media":156814,"comment_status":"","ping_status":"","sticky":false,"template":"","format":"standard","meta":{"footnotes":""},"categories":[84],"tags":[109,107,108,32,33,105,103,104,106,110],"class_list":{"0":"post-156813","1":"post","2":"type-post","3":"status-publish","4":"format-standard","5":"has-post-thumbnail","7":"category-ciencia-e-tecnologia","8":"tag-ciencia","9":"tag-ciencia-e-tecnologia","10":"tag-cienciaetecnologia","11":"tag-portugal","12":"tag-pt","13":"tag-science","14":"tag-science-and-technology","15":"tag-scienceandtechnology","16":"tag-technology","17":"tag-tecnologia"},"share_on_mastodon":{"url":"https:\/\/pubeurope.com\/@pt\/115572324634024616","error":""},"_links":{"self":[{"href":"https:\/\/www.europesays.com\/pt\/wp-json\/wp\/v2\/posts\/156813","targetHints":{"allow":["GET"]}}],"collection":[{"href":"https:\/\/www.europesays.com\/pt\/wp-json\/wp\/v2\/posts"}],"about":[{"href":"https:\/\/www.europesays.com\/pt\/wp-json\/wp\/v2\/types\/post"}],"author":[{"embeddable":true,"href":"https:\/\/www.europesays.com\/pt\/wp-json\/wp\/v2\/users\/2"}],"replies":[{"embeddable":true,"href":"https:\/\/www.europesays.com\/pt\/wp-json\/wp\/v2\/comments?post=156813"}],"version-history":[{"count":0,"href":"https:\/\/www.europesays.com\/pt\/wp-json\/wp\/v2\/posts\/156813\/revisions"}],"wp:featuredmedia":[{"embeddable":true,"href":"https:\/\/www.europesays.com\/pt\/wp-json\/wp\/v2\/media\/156814"}],"wp:attachment":[{"href":"https:\/\/www.europesays.com\/pt\/wp-json\/wp\/v2\/media?parent=156813"}],"wp:term":[{"taxonomy":"category","embeddable":true,"href":"https:\/\/www.europesays.com\/pt\/wp-json\/wp\/v2\/categories?post=156813"},{"taxonomy":"post_tag","embeddable":true,"href":"https:\/\/www.europesays.com\/pt\/wp-json\/wp\/v2\/tags?post=156813"}],"curies":[{"name":"wp","href":"https:\/\/api.w.org\/{rel}","templated":true}]}}