{"id":156817,"date":"2025-11-18T19:24:37","date_gmt":"2025-11-18T19:24:37","guid":{"rendered":"https:\/\/www.europesays.com\/pt\/156817\/"},"modified":"2025-11-18T19:24:37","modified_gmt":"2025-11-18T19:24:37","slug":"25-de-novembro-foi-praticamente-equiparado-ja-no-ano-passado-a-sessao-solene-do-25-de-abril","status":"publish","type":"post","link":"https:\/\/www.europesays.com\/pt\/156817\/","title":{"rendered":"25 de Novembro &#8220;foi praticamente equiparado j\u00e1 no ano passado&#8221; \u00e0 sess\u00e3o solene do 25 de Abril"},"content":{"rendered":"<p>&#13;<br \/>\nO Presidente da Rep\u00fablica considerou hoje que a comemora\u00e7\u00e3o do 25 de Novembro com uma parada militar \u00e9 um regresso ao passado logo ap\u00f3s a revolu\u00e7\u00e3o, referindo que j\u00e1 aconteceu nos mandatos presidenciais de Ramalho Eanes.&#13;\n<\/p>\n<p>&#13;<br \/>\n&#8220;Se quiserem, \u00e9 um regresso ao passado, reavivando aquilo que se fazia nos anos imediatamente seguintes ao fim da revolu\u00e7\u00e3o&#8221;, comentou Marcelo Rebelo de Sousa, que falava aos jornalistas no Campus de Carcavelos da Universidade Nova de Lisboa, no concelho de Cascais.&#13;\n<\/p>\n<p>&#13;<br \/>\nQuestionado sobre a equipara\u00e7\u00e3o das comemora\u00e7\u00f5es do 25 de Novembro de 1975 e do 25 de Abril de 1974, o chefe de Estado respondeu que a sess\u00e3o comemorativa do 49.\u00ba anivers\u00e1rio do 25 de Novembro na Assembleia da Rep\u00fablica &#8220;foi praticamente equiparada j\u00e1 no ano passado&#8221; \u00e0 sess\u00e3o solene anual do 25 de Abril.&#13;\n<\/p>\n<p>&#13;<br \/>\nA prop\u00f3sito do 50.\u00ba anivers\u00e1rio do 25 de Novembro, que ser\u00e1 assinalado na pr\u00f3xima semana, prosseguiu: &#8220;Na parada [militar] vai ser a mesma coisa. Isto \u00e9, a parada do 25 de Abril realizou-se no ano passado, e agora realiza-se no mesmo plano&#8221;.&#13;\n<\/p>\n<p>&#13;<br \/>\nSegundo o Presidente da Rep\u00fablica, a parada militar ser\u00e1 &#8220;no Terreiro do Pa\u00e7o&#8221; e &#8220;sem discursos&#8221;, estando &#8220;condicionada no tempo pela cerim\u00f3nia na Assembleia da Rep\u00fablica&#8221;.&#13;\n<\/p>\n<p>&#13;<br \/>\nMarcelo Rebelo de Sousa referiu que a realiza\u00e7\u00e3o de uma parada militar no dia 25 de Novembro de 1975 &#8220;\u00e9 uma ideia&#8221; que &#8220;j\u00e1 houve, em tempos&#8221;.&#13;\n<\/p>\n<p>&#13;<br \/>\n&#8220;Verdadeiramente, houve uma parada militar durante a presid\u00eancia do Presidente Ramalho Eanes, durante os dois mandatos, salvo erro, houve sempre parada militar no 25 de Novembro, houve sempre cerim\u00f3nia militar&#8221;, declarou.&#13;\n<\/p>\n<p>&#13;<br \/>\nO chefe de Estado acrescentou que, &#8220;depois, no tempo do Presidente M\u00e1rio Soares \u00e9 que, por raz\u00f5es de calend\u00e1rio da sess\u00e3o parlamentar, deixou de existir&#8221; uma parada militar nesta data. &#13;\n<\/p>\n<p>&#13;<br \/>\n&#8220;Portanto, se quiserem, \u00e9 um regresso ao passado, reavivando aquilo que se fazia nos anos imediatamente seguintes ao fim da revolu\u00e7\u00e3o&#8221;, concluiu o Presidente da Rep\u00fablica.&#13;\n<\/p>\n<p>&#13;<br \/>\nH\u00e1 um ano, na sess\u00e3o solene evocativa do 49.\u00ba anivers\u00e1rio do 25 de Novembro de 1975 na Assembleia da Rep\u00fablica, Marcelo Rebelo de Sousa enquadrou esta data como um &#8220;passo muito importante&#8221; no caminho para a liberdade e a democracia aberto pelo 25 de Abril.&#13;\n<\/p>\n<p>&#13;<br \/>\nNessa ocasi\u00e3o, o chefe de Estado defendeu que &#8220;n\u00e3o existe contradi\u00e7\u00e3o&#8221; na evoca\u00e7\u00e3o das duas datas, mas qualificou o 25 de Abril de 1974 como &#8220;a data maior&#8221;.&#13;\n<\/p>\n<p>&#13;<br \/>\nOs acontecimentos do 25 de Novembro, em que for\u00e7as militares antag\u00f3nicas se defrontaram no terreno e venceu a chamada ala moderada do Movimento das For\u00e7as Armadas (MFA), marcaram o fim do chamado Per\u00edodo Revolucion\u00e1rio em Curso (PREC).&#13;<\/p>\n","protected":false},"excerpt":{"rendered":"&#13; O Presidente da Rep\u00fablica considerou hoje que a comemora\u00e7\u00e3o do 25 de Novembro com uma parada militar&hellip;\n","protected":false},"author":2,"featured_media":156818,"comment_status":"","ping_status":"","sticky":false,"template":"","format":"standard","meta":{"footnotes":""},"categories":[8],"tags":[27,28,23343,15,16,14,25,26,21,22,12,13,19,20,32,23,24,33,33661,17,18,29,30,31],"class_list":{"0":"post-156817","1":"post","2":"type-post","3":"status-publish","4":"format-standard","5":"has-post-thumbnail","7":"category-principais-noticias","8":"tag-breaking-news","9":"tag-breakingnews","10":"tag-campus","11":"tag-featured-news","12":"tag-featurednews","13":"tag-headlines","14":"tag-latest-news","15":"tag-latestnews","16":"tag-main-news","17":"tag-mainnews","18":"tag-news","19":"tag-noticias","20":"tag-noticias-principais","21":"tag-noticiasprincipais","22":"tag-portugal","23":"tag-principais-noticias","24":"tag-principaisnoticias","25":"tag-pt","26":"tag-terreiro-paco","27":"tag-top-stories","28":"tag-topstories","29":"tag-ultimas","30":"tag-ultimas-noticias","31":"tag-ultimasnoticias"},"share_on_mastodon":{"url":"https:\/\/pubeurope.com\/@pt\/115572340628805828","error":""},"_links":{"self":[{"href":"https:\/\/www.europesays.com\/pt\/wp-json\/wp\/v2\/posts\/156817","targetHints":{"allow":["GET"]}}],"collection":[{"href":"https:\/\/www.europesays.com\/pt\/wp-json\/wp\/v2\/posts"}],"about":[{"href":"https:\/\/www.europesays.com\/pt\/wp-json\/wp\/v2\/types\/post"}],"author":[{"embeddable":true,"href":"https:\/\/www.europesays.com\/pt\/wp-json\/wp\/v2\/users\/2"}],"replies":[{"embeddable":true,"href":"https:\/\/www.europesays.com\/pt\/wp-json\/wp\/v2\/comments?post=156817"}],"version-history":[{"count":0,"href":"https:\/\/www.europesays.com\/pt\/wp-json\/wp\/v2\/posts\/156817\/revisions"}],"wp:featuredmedia":[{"embeddable":true,"href":"https:\/\/www.europesays.com\/pt\/wp-json\/wp\/v2\/media\/156818"}],"wp:attachment":[{"href":"https:\/\/www.europesays.com\/pt\/wp-json\/wp\/v2\/media?parent=156817"}],"wp:term":[{"taxonomy":"category","embeddable":true,"href":"https:\/\/www.europesays.com\/pt\/wp-json\/wp\/v2\/categories?post=156817"},{"taxonomy":"post_tag","embeddable":true,"href":"https:\/\/www.europesays.com\/pt\/wp-json\/wp\/v2\/tags?post=156817"}],"curies":[{"name":"wp","href":"https:\/\/api.w.org\/{rel}","templated":true}]}}