{"id":156821,"date":"2025-11-18T19:26:05","date_gmt":"2025-11-18T19:26:05","guid":{"rendered":"https:\/\/www.europesays.com\/pt\/156821\/"},"modified":"2025-11-18T19:26:05","modified_gmt":"2025-11-18T19:26:05","slug":"eis-70-imagens-do-world-press-photo-para-apoiar-fotojornalismo-em-crise-mundial-fotogaleria","status":"publish","type":"post","link":"https:\/\/www.europesays.com\/pt\/156821\/","title":{"rendered":"Eis 70 imagens do World Press Photo para apoiar fotojornalismo em crise mundial | Fotogaleria"},"content":{"rendered":"<p>O pr\u00e9mio World Press Photo (WPP) celebra, em 2025, o seu 70.\u00ba anivers\u00e1rio. Para marcar a data, e chamando a aten\u00e7\u00e3o para o per\u00edodo de crise que atravessa o fotojornalismo mundial, a funda\u00e7\u00e3o com o mesmo nome lan\u00e7ou uma iniciativa que tem como objectivo apoiar \u201cdirectamente os fot\u00f3grafos\u201d: <a href=\"https:\/\/worldpressphotoshop.org\/collections\/all\" target=\"_blank\" rel=\"nofollow noopener\">70 Prints for 70 Years<\/a> consiste numa venda de fotografias premiadas pelo WPP ao longo dos anos e de fotografias realizadas por fot\u00f3grafos que participaram na <a href=\"https:\/\/www.worldpressphoto.org\/education\/programs\/joop-swart-masterclass\" target=\"_blank\" rel=\"nofollow noopener\">Masterclass Joop Swart<\/a>, tamb\u00e9m organizada pela funda\u00e7\u00e3o, destinada a talentos emergentes da \u00e1rea do fotojornalismo e da fotografia documental.<\/p>\n<p>Algumas das fotografias dispon\u00edveis no <a href=\"https:\/\/worldpressphotoshop.org\/\" target=\"_blank\" rel=\"nofollow noopener\">site<\/a> da iniciativa, que decorre entre 17 e 26 de Novembro de 2025, descrevem acontecimentos hist\u00f3ricos; entre elas est\u00e1 o retrato do astronauta \u201cBuzz\u201d Aldrin na Lua, tirada por Neil Armstrong em 1969, aquando da primeira alunagem ou o retrato de Pel\u00e9, da autoria de Gunnar Tingsvall, que descreve o momento em que venceu o Campeonato do Mundo de Futebol de 1958. H\u00e1 tamb\u00e9m fotografias de Diana Markosian, David Guttenfelder, Yael Mart\u00ednez, Matt Black ou Kiana Hayeri, entre outros.\u00a0<\/p>\n<p>\u201cAo longo dos \u00faltimos 70 anos, o World Press Photo colaborou com fot\u00f3grafos inovadores, corajosos, ambiciosos, que moldaram a mem\u00f3ria colectiva sobre os grandes eventos mundiais, oferecendo novas formas de olhar\u201d, refere Joumana El Zein Khoury, directora executiva do World Press Photo, num comunicado dirigido ao P3. \u201cEsta feira \u00e9 uma oportunidade de honrar a sua hist\u00f3ria e assegurar o futuro [do concurso e da funda\u00e7\u00e3o].\u201d<\/p>\n","protected":false},"excerpt":{"rendered":"O pr\u00e9mio World Press Photo (WPP) celebra, em 2025, o seu 70.\u00ba anivers\u00e1rio. Para marcar a data, e&hellip;\n","protected":false},"author":2,"featured_media":156822,"comment_status":"","ping_status":"","sticky":false,"template":"","format":"standard","meta":{"footnotes":""},"categories":[144],"tags":[207,205,206,203,201,202,204,114,115,32,33],"class_list":{"0":"post-156821","1":"post","2":"type-post","3":"status-publish","4":"format-standard","5":"has-post-thumbnail","7":"category-arte-e-design","8":"tag-arte","9":"tag-arte-e-design","10":"tag-artedesign","11":"tag-arts","12":"tag-arts-and-design","13":"tag-artsanddesign","14":"tag-design","15":"tag-entertainment","16":"tag-entretenimento","17":"tag-portugal","18":"tag-pt"},"share_on_mastodon":{"url":"","error":""},"_links":{"self":[{"href":"https:\/\/www.europesays.com\/pt\/wp-json\/wp\/v2\/posts\/156821","targetHints":{"allow":["GET"]}}],"collection":[{"href":"https:\/\/www.europesays.com\/pt\/wp-json\/wp\/v2\/posts"}],"about":[{"href":"https:\/\/www.europesays.com\/pt\/wp-json\/wp\/v2\/types\/post"}],"author":[{"embeddable":true,"href":"https:\/\/www.europesays.com\/pt\/wp-json\/wp\/v2\/users\/2"}],"replies":[{"embeddable":true,"href":"https:\/\/www.europesays.com\/pt\/wp-json\/wp\/v2\/comments?post=156821"}],"version-history":[{"count":0,"href":"https:\/\/www.europesays.com\/pt\/wp-json\/wp\/v2\/posts\/156821\/revisions"}],"wp:featuredmedia":[{"embeddable":true,"href":"https:\/\/www.europesays.com\/pt\/wp-json\/wp\/v2\/media\/156822"}],"wp:attachment":[{"href":"https:\/\/www.europesays.com\/pt\/wp-json\/wp\/v2\/media?parent=156821"}],"wp:term":[{"taxonomy":"category","embeddable":true,"href":"https:\/\/www.europesays.com\/pt\/wp-json\/wp\/v2\/categories?post=156821"},{"taxonomy":"post_tag","embeddable":true,"href":"https:\/\/www.europesays.com\/pt\/wp-json\/wp\/v2\/tags?post=156821"}],"curies":[{"name":"wp","href":"https:\/\/api.w.org\/{rel}","templated":true}]}}