{"id":156828,"date":"2025-11-18T19:31:15","date_gmt":"2025-11-18T19:31:15","guid":{"rendered":"https:\/\/www.europesays.com\/pt\/156828\/"},"modified":"2025-11-18T19:31:15","modified_gmt":"2025-11-18T19:31:15","slug":"arbitro-acusado-na-bosnia-de-assassinar-a-ex-namorada-na-casa-de-banho-de-um-cafe","status":"publish","type":"post","link":"https:\/\/www.europesays.com\/pt\/156828\/","title":{"rendered":"\u00c1rbitro acusado na B\u00f3snia de assassinar a ex-namorada na casa de banho de um caf\u00e9"},"content":{"rendered":"<p data-remotead-prev-elm=\"true\" data-remotead-elm-id=\"inread\">O \u00e1rbitro de futebol Anis Kalajd\u017ei\u0107 est\u00e1 a ser acusado na B\u00f3snia-Herzegovina de ter assassinado a tiro a ex-namorada, em Mostar, na casa de banho de um caf\u00e9. Pouco depois, o suspeito ter\u00e1 tentado tirar a pr\u00f3pria vida, mas sem sucesso, acabando por ser detido pelas autoridades que se deslocaram ao local.<\/p>\n<p>Aldina Jahic, de 32 anos, ter\u00e1 sido v\u00edtima de uma emboscada quando se dirigia para o gin\u00e1sio, segundo avan\u00e7a o jornal ingl\u00eas &#8220;The Sun&#8221;, citando fontes locais. Aterrorizada, refugiou-se na casa de banho de um caf\u00e9 pr\u00f3ximo onde se encontrava, ligou para a pol\u00edcia, mas antes que as autoridades chegassem, Kalajd\u017ei\u0107 ter\u00e1 conseguido intercet\u00e1-la e consumou o crime com apenas um tiro.<\/p>\n<p>Ap\u00f3s este ato, o \u00e1rbitro, que atua na Primeira Liga da B\u00f3snia-Herzegovina, tentou tirar a pr\u00f3pria vida, mas a arma encravou, sendo detido pouco depois. Conforme a mesma fonte, os investigadores suspeitam, ainda, que o homic\u00eddio ter\u00e1 sido motivado pelo fim do relacionamento.<\/p>\n<p>Anis Kalajd\u017ei\u0107 \u00e9 filho do antigo jogador e treinador Avdo Kalajd\u017ei\u0107, que em 1999 chegou a ser treinador interino da sele\u00e7\u00e3o da B\u00f3snia-Herzegovina.<\/p>\n","protected":false},"excerpt":{"rendered":"O \u00e1rbitro de futebol Anis Kalajd\u017ei\u0107 est\u00e1 a ser acusado na B\u00f3snia-Herzegovina de ter assassinado a tiro a&hellip;\n","protected":false},"author":2,"featured_media":156829,"comment_status":"","ping_status":"","sticky":false,"template":"","format":"standard","meta":{"footnotes":""},"categories":[87],"tags":[17944,135,5564,32,33,134,3218],"class_list":{"0":"post-156828","1":"post","2":"type-post","3":"status-publish","4":"format-standard","5":"has-post-thumbnail","7":"category-desporto","8":"tag-bosnia-herzegovina","9":"tag-desporto","10":"tag-homicidio","11":"tag-portugal","12":"tag-pt","13":"tag-sports","14":"tag-violencia-domestica"},"share_on_mastodon":{"url":"","error":""},"_links":{"self":[{"href":"https:\/\/www.europesays.com\/pt\/wp-json\/wp\/v2\/posts\/156828","targetHints":{"allow":["GET"]}}],"collection":[{"href":"https:\/\/www.europesays.com\/pt\/wp-json\/wp\/v2\/posts"}],"about":[{"href":"https:\/\/www.europesays.com\/pt\/wp-json\/wp\/v2\/types\/post"}],"author":[{"embeddable":true,"href":"https:\/\/www.europesays.com\/pt\/wp-json\/wp\/v2\/users\/2"}],"replies":[{"embeddable":true,"href":"https:\/\/www.europesays.com\/pt\/wp-json\/wp\/v2\/comments?post=156828"}],"version-history":[{"count":0,"href":"https:\/\/www.europesays.com\/pt\/wp-json\/wp\/v2\/posts\/156828\/revisions"}],"wp:featuredmedia":[{"embeddable":true,"href":"https:\/\/www.europesays.com\/pt\/wp-json\/wp\/v2\/media\/156829"}],"wp:attachment":[{"href":"https:\/\/www.europesays.com\/pt\/wp-json\/wp\/v2\/media?parent=156828"}],"wp:term":[{"taxonomy":"category","embeddable":true,"href":"https:\/\/www.europesays.com\/pt\/wp-json\/wp\/v2\/categories?post=156828"},{"taxonomy":"post_tag","embeddable":true,"href":"https:\/\/www.europesays.com\/pt\/wp-json\/wp\/v2\/tags?post=156828"}],"curies":[{"name":"wp","href":"https:\/\/api.w.org\/{rel}","templated":true}]}}