{"id":15683,"date":"2025-08-04T14:55:10","date_gmt":"2025-08-04T14:55:10","guid":{"rendered":"https:\/\/www.europesays.com\/pt\/15683\/"},"modified":"2025-08-04T14:55:10","modified_gmt":"2025-08-04T14:55:10","slug":"prodigio-das-letras-italo-fernandes-lanca-segundo-livro-aos-13-anos","status":"publish","type":"post","link":"https:\/\/www.europesays.com\/pt\/15683\/","title":{"rendered":"Prod\u00edgio das Letras: \u00cdtalo Fernandes lan\u00e7a segundo livro aos 13 anos"},"content":{"rendered":"<p>&#13;<br \/>\n\t\t\t\t\t\t\t\t\t\t\t&#13;<\/p>\n<p>\t\t\t\t\t\t\t\t\t\t<a href=\"https:\/\/www.europesays.com\/pt\/wp-content\/uploads\/2025\/08\/Prodigio-das-Letras-Italo-Fernandes-lanca-segundo-livro-aos-13-anos-foto-assessoria-de-imprensa.jpg\"><img loading=\"lazy\" decoding=\"async\" class=\"wp-image-597380 size-full\" src=\"https:\/\/www.europesays.com\/pt\/wp-content\/uploads\/2025\/08\/Prodigio-das-Letras-Italo-Fernandes-lanca-segundo-livro-aos-13-anos-foto-assessoria-de-imprensa.jpg\" alt=\"\" width=\"550\" height=\"330\"  \/><\/a>\u00cdtalo \u00e9 vice-presidente da Academia de Letras Estudantil de Sergipe. (Foto: Assessoria de Imprensa)<\/p>\n<p>Com apenas 13 anos, o escritor sergipano \u00cdtalo Fernandes lan\u00e7ou, no dia 25 de julho, sua segunda obra: \u201cA Casa da Vov\u00f3 \u2013 O Lugar da Felicidade\u201d. O evento aconteceu no Col\u00e9gio Amadeus e marcou o Dia Nacional dos Av\u00f3s, tema central da obra que celebra as mem\u00f3rias afetivas da inf\u00e2ncia, os la\u00e7os familiares e a sabedoria herdada das gera\u00e7\u00f5es anteriores.<\/p>\n<p>O livro, publicado pela Infogr\u00e1fics, traz no pref\u00e1cio palavras da escritora e educadora Cris Souza, que define a obra como um convite doce \u00e0 simplicidade da felicidade \u2013 \u201conde n\u00e3o \u00e9 preciso Wi-Fi para sorrir\u201d.<\/p>\n<p>\u00cdtalo \u00e9 vice-presidente da Academia de Letras Estudantil de Sergipe, colaborador da FESTROL, membro ativo do Caf\u00e9 Po\u00e9tico Sergipano e presen\u00e7a constante em eventos culturais. Reconhecido por sua sensibilidade e desenvoltura liter\u00e1ria, ele vem se destacando como uma das promessas mais s\u00f3lidas da nova gera\u00e7\u00e3o de autores do estado.<\/p>\n<p>Fonte: Assessoria de Imprensa<\/p>\n<p>\t\t\t\t\t\t\t\t\t&#13;<br \/>\n\t\t\t\t\t\t\t\t\t\t\t&#13;<\/p>\n","protected":false},"excerpt":{"rendered":"&#13; &#13; \u00cdtalo \u00e9 vice-presidente da Academia de Letras Estudantil de Sergipe. (Foto: Assessoria de Imprensa) Com apenas&hellip;\n","protected":false},"author":2,"featured_media":15684,"comment_status":"","ping_status":"","sticky":false,"template":"","format":"standard","meta":{"footnotes":""},"categories":[143],"tags":[169,114,115,6183,237,170,32,33,6184],"class_list":{"0":"post-15683","1":"post","2":"type-post","3":"status-publish","4":"format-standard","5":"has-post-thumbnail","7":"category-livros","8":"tag-books","9":"tag-entertainment","10":"tag-entretenimento","11":"tag-italo-fernandes","12":"tag-livro","13":"tag-livros","14":"tag-portugal","15":"tag-pt","16":"tag-segundo-livro"},"share_on_mastodon":{"url":"","error":""},"_links":{"self":[{"href":"https:\/\/www.europesays.com\/pt\/wp-json\/wp\/v2\/posts\/15683","targetHints":{"allow":["GET"]}}],"collection":[{"href":"https:\/\/www.europesays.com\/pt\/wp-json\/wp\/v2\/posts"}],"about":[{"href":"https:\/\/www.europesays.com\/pt\/wp-json\/wp\/v2\/types\/post"}],"author":[{"embeddable":true,"href":"https:\/\/www.europesays.com\/pt\/wp-json\/wp\/v2\/users\/2"}],"replies":[{"embeddable":true,"href":"https:\/\/www.europesays.com\/pt\/wp-json\/wp\/v2\/comments?post=15683"}],"version-history":[{"count":0,"href":"https:\/\/www.europesays.com\/pt\/wp-json\/wp\/v2\/posts\/15683\/revisions"}],"wp:featuredmedia":[{"embeddable":true,"href":"https:\/\/www.europesays.com\/pt\/wp-json\/wp\/v2\/media\/15684"}],"wp:attachment":[{"href":"https:\/\/www.europesays.com\/pt\/wp-json\/wp\/v2\/media?parent=15683"}],"wp:term":[{"taxonomy":"category","embeddable":true,"href":"https:\/\/www.europesays.com\/pt\/wp-json\/wp\/v2\/categories?post=15683"},{"taxonomy":"post_tag","embeddable":true,"href":"https:\/\/www.europesays.com\/pt\/wp-json\/wp\/v2\/tags?post=15683"}],"curies":[{"name":"wp","href":"https:\/\/api.w.org\/{rel}","templated":true}]}}