{"id":156832,"date":"2025-11-18T19:36:28","date_gmt":"2025-11-18T19:36:28","guid":{"rendered":"https:\/\/www.europesays.com\/pt\/156832\/"},"modified":"2025-11-18T19:36:28","modified_gmt":"2025-11-18T19:36:28","slug":"supremo-angolano-manda-julgar-isabel-dos-santos-por-maioria-dos-crimes-de-que-estava-acusada","status":"publish","type":"post","link":"https:\/\/www.europesays.com\/pt\/156832\/","title":{"rendered":"Supremo angolano manda julgar Isabel dos Santos por maioria dos crimes de que estava acusada"},"content":{"rendered":"<p class=\"category\"><a href=\"https:\/\/sicnoticias.pt\/mundo\" rel=\"nofollow noopener\" target=\"_blank\">Mundo<\/a><\/p>\n<p class=\"g-article-lead lead\" data-field=\"lead\">A empres\u00e1ria angolana Isabel dos Santos foi despronunciada de quatro dos 11 crimes de que estava acusada.<\/p>\n<p><img decoding=\"async\" src=\"https:\/\/www.europesays.com\/pt\/wp-content\/uploads\/2025\/11\/1763494588_454_original.webp\" alt=\"Supremo angolano manda julgar Isabel dos Santos por maioria dos crimes de que estava acusada\"\/><\/p>\n<p>Vittorio Zunino Celotto<\/p>\n<p><strong>A empres\u00e1ria Isabel dos Santos foi despronunciada, na fase de instru\u00e7\u00e3o contradit\u00f3ria, de quatro dos 11 crimes de que vinha acusada, de acordo com o despacho de pron\u00fancia do Tribunal Supremo angolano a que a SIC teve acesso.<\/strong><\/p>\n<p>A fase de instru\u00e7\u00e3o contradit\u00f3ria foi requerida pela defesa da empres\u00e1ria e antiga Presidente do Conselho de Administra\u00e7\u00e3o da Sonangol Isabel dos Santos, tendo sido retiradas quatro das 11 acusa\u00e7\u00f5es<\/p>\n<p>Os <strong>crimes de fraude fiscal e falsifica\u00e7\u00e3o de documentos cairam por prescri\u00e7\u00e3o. J\u00e1 os crimes de abuso de poder cairam porque a acusa\u00e7\u00e3o usou c\u00f3digo penal posterior aos factos<\/strong>.<\/p>\n<p>Isabel dos Santos \u00e9 suspeita da pr\u00e1tica de v\u00e1rios crimes que <strong>envolvem a sua gest\u00e3o na Sonangol, petrol\u00edfera estatal angolana, entre 2016 e 2017, entre os <\/strong>quais peculato, burla qualificada, abuso de poder, abuso de confian\u00e7a, participa\u00e7\u00e3o econ\u00f3mica em neg\u00f3cio, tr\u00e1fico de influ\u00eancias, branqueamento de capitais, e fraude fiscal e qualificada.<\/p>\n<p>Al\u00e9m da filha do ex-Presidente da Republica Jos\u00e9 Eduardo dos Santos, <strong>foram tamb\u00e9m pronunciados no processo tr\u00eas arguidos &#8211; M\u00e1rio Leite da Silva, Paula Oliveira, e Sarju Chandulal<\/strong>.<\/p>\n<p><strong>Todos os arguidos foram despronunciados do crime de associa\u00e7\u00e3o criminosa e a PWC-Angola sai do processo depois de o Tribunal Supremo angolano ter deixado cair os crimes de que estava acusada<\/strong>.<\/p>\n<p>A empres\u00e1ria angolana, que reside atualmente no Dubai, tem afirmado sempre inoc\u00eancia e afirma que o processo tem motiva\u00e7\u00f5es pol\u00edticas.<\/p>\n","protected":false},"excerpt":{"rendered":"Mundo A empres\u00e1ria angolana Isabel dos Santos foi despronunciada de quatro dos 11 crimes de que estava acusada.&hellip;\n","protected":false},"author":2,"featured_media":156833,"comment_status":"","ping_status":"","sticky":false,"template":"","format":"standard","meta":{"footnotes":""},"categories":[50],"tags":[27,28,15,16,14,25,26,21,22,62,12,13,19,20,23,24,17,18,29,30,31,63,64,65],"class_list":{"0":"post-156832","1":"post","2":"type-post","3":"status-publish","4":"format-standard","5":"has-post-thumbnail","7":"category-mundo","8":"tag-breaking-news","9":"tag-breakingnews","10":"tag-featured-news","11":"tag-featurednews","12":"tag-headlines","13":"tag-latest-news","14":"tag-latestnews","15":"tag-main-news","16":"tag-mainnews","17":"tag-mundo","18":"tag-news","19":"tag-noticias","20":"tag-noticias-principais","21":"tag-noticiasprincipais","22":"tag-principais-noticias","23":"tag-principaisnoticias","24":"tag-top-stories","25":"tag-topstories","26":"tag-ultimas","27":"tag-ultimas-noticias","28":"tag-ultimasnoticias","29":"tag-world","30":"tag-world-news","31":"tag-worldnews"},"share_on_mastodon":{"url":"https:\/\/pubeurope.com\/@pt\/115572387846595234","error":""},"_links":{"self":[{"href":"https:\/\/www.europesays.com\/pt\/wp-json\/wp\/v2\/posts\/156832","targetHints":{"allow":["GET"]}}],"collection":[{"href":"https:\/\/www.europesays.com\/pt\/wp-json\/wp\/v2\/posts"}],"about":[{"href":"https:\/\/www.europesays.com\/pt\/wp-json\/wp\/v2\/types\/post"}],"author":[{"embeddable":true,"href":"https:\/\/www.europesays.com\/pt\/wp-json\/wp\/v2\/users\/2"}],"replies":[{"embeddable":true,"href":"https:\/\/www.europesays.com\/pt\/wp-json\/wp\/v2\/comments?post=156832"}],"version-history":[{"count":0,"href":"https:\/\/www.europesays.com\/pt\/wp-json\/wp\/v2\/posts\/156832\/revisions"}],"wp:featuredmedia":[{"embeddable":true,"href":"https:\/\/www.europesays.com\/pt\/wp-json\/wp\/v2\/media\/156833"}],"wp:attachment":[{"href":"https:\/\/www.europesays.com\/pt\/wp-json\/wp\/v2\/media?parent=156832"}],"wp:term":[{"taxonomy":"category","embeddable":true,"href":"https:\/\/www.europesays.com\/pt\/wp-json\/wp\/v2\/categories?post=156832"},{"taxonomy":"post_tag","embeddable":true,"href":"https:\/\/www.europesays.com\/pt\/wp-json\/wp\/v2\/tags?post=156832"}],"curies":[{"name":"wp","href":"https:\/\/api.w.org\/{rel}","templated":true}]}}