{"id":156834,"date":"2025-11-18T19:37:19","date_gmt":"2025-11-18T19:37:19","guid":{"rendered":"https:\/\/www.europesays.com\/pt\/156834\/"},"modified":"2025-11-18T19:37:19","modified_gmt":"2025-11-18T19:37:19","slug":"cdu-integra-gestao-socialista-em-almada-de-modo-a-perfazer-maioria","status":"publish","type":"post","link":"https:\/\/www.europesays.com\/pt\/156834\/","title":{"rendered":"CDU integra gest\u00e3o socialista em Almada de modo a perfazer maioria"},"content":{"rendered":"<p>O Partido Socialista e a CDU tiveram variad\u00edssimos embates aut\u00e1rquicos em outubro, <strong>mas formalizaram um\u00a0acordo de governa\u00e7\u00e3o\u00a0para a C\u00e2mara de Almada para o mandato de 2025-2029, garantindo, \u00e0 partida, uma solu\u00e7\u00e3o de governabilidade mais confort\u00e1vel para In\u00eas de Medeiros.<\/strong> <\/p>\n<p>Recorde-se que o PS venceu as elei\u00e7\u00f5es aut\u00e1rquicas com 29% dos votos, elegendo quatro vereadores. A CDU ficou em segundo lugar, com 20,6%, garantindo tr\u00eas lugares no executivo, podendo, por isso, ser for\u00e7a de bloqueio. Ainda assim, houve entendimento, como \u00e9 anunciado pelo Partido Comunista Portugu\u00eas, que candidatara Lu\u00eds Palma \u00e0 presid\u00eancia. <\/p>\n<p>H\u00e1 oito anos que a CDU n\u00e3o estava no Executivo municipal e, desta feita, ter\u00e1 tr\u00eas vereadores: dois a tempo inteiro e um a meio tempo. Segundo o acordo, fechado na segunda-feira, dia 17 de novembro, a CDU ficar\u00e1 respons\u00e1vel pela condu\u00e7\u00e3o executiva dos pelouros de\u00a0<strong>Higiene Urbana e Frota; Interven\u00e7\u00e3o Social e Sa\u00fade; e Movimento Associativo e Casa das Associa\u00e7\u00f5es.<\/strong>\u00a0Al\u00e9m disso, os comunistas v\u00e3o assumir a\u00a0<strong>presid\u00eancia dos Servi\u00e7os Municipalizados de \u00c1gua e Saneamento (SMAS),<\/strong>\u00a0cuja administra\u00e7\u00e3o passar\u00e1 a integrar um vogal indicado pelo PS e um segundo vogal nomeado por m\u00fatuo acordo entre as duas for\u00e7as pol\u00edticas. A quest\u00e3o dos servi\u00e7os municipalizados de \u00e1gua foi tema quente na campanha eleitoral.<\/p>\n<p>A prioridade do PS, sabe o DN, alterou-se para o terceiro e \u00faltimo mandato de In\u00eas de Medeiros. <strong>Como o PSD e o Chega alcan\u00e7aram dois vereadores cada, teria de ser consolidada uma negocia\u00e7\u00e3o a tr\u00eas partidos e os socialistas entenderam que os acordos poderiam ficar dificultados.<\/strong> A predisposi\u00e7\u00e3o dos comunistas e de Lu\u00eds Palma, nomeadamente, foi determinante. <\/p>\n<p>Ao jornal digital Almadense, Paulo Sabino, presidente da concelhia do PSD, deixou claro que o partido preferiu manter &#8220;coer\u00eancia&#8221; e depois de chumbar o or\u00e7amento de 2025 preferiu n\u00e3o se associar, como fizera nos dois mandatos anteriores ao PS. \u00a0O eurodeputado\u00a0<strong>H\u00e9lder Sousa Silva, cabe\u00e7a de lista do PSD \u00e0 C\u00e2mara Municipal de Almada<\/strong>\u00a0nas \u00faltimas elei\u00e7\u00f5es aut\u00e1rquicas,\u00a0j\u00e1 tinha declarado que n\u00e3o iria ser vereador\u00a0no Executivo, alegando incompatibilidade entre fun\u00e7\u00f5es aut\u00e1rquicas e o Parlamento Europeu.\u00a0<\/p>\n<p>Esta ter\u00e7a-feira, dia 18, a Iniciativa Liberal reagiu com insatisfa\u00e7\u00e3o \u00e0 negocia\u00e7\u00e3o. Considerou que o PS entregou \u00e1reas &#8220;essenciais&#8221;, nomeadamente Higiene Urbana, Interven\u00e7\u00e3o Social, Sa\u00fade e, em particular, &#8220;a presid\u00eancia dos SMAS \u2013 uma das estruturas mais importantes do munic\u00edpio&#8221;. Para a IL, <strong>esta distribui\u00e7\u00e3o representa \u201cuma ced\u00eancia significativa do PS Almada, que compromete a independ\u00eancia da gest\u00e3o municipal e devolve \u00e0 CDU Almada um poder que os almadenses n\u00e3o lhe atribu\u00edram nas urnas&#8221;<\/strong>. <\/p>\n<p>Acrescentou em comunica\u00e7\u00e3o disponibilizada nas redes sociais que apesar de o acordo ser &#8220;institucionalmente leg\u00edtimo\u201d, se torna \u201cum desrespeito ao eleitor almadense&#8221;. &#8220;Nunca foi colocada esta hip\u00f3tese durante a passada campanha eleitoral&#8221;, advoga a IL.<\/p>\n","protected":false},"excerpt":{"rendered":"O Partido Socialista e a CDU tiveram variad\u00edssimos embates aut\u00e1rquicos em outubro, mas formalizaram um\u00a0acordo de governa\u00e7\u00e3o\u00a0para a&hellip;\n","protected":false},"author":2,"featured_media":156835,"comment_status":"","ping_status":"","sticky":false,"template":"","format":"standard","meta":{"footnotes":""},"categories":[10],"tags":[33664,27,28,33663,4861,306,15,16,14,33662,25,26,33665,21,22,12,13,19,20,15086,32,23,24,33,17,18,29,30,31],"class_list":{"0":"post-156834","1":"post","2":"type-post","3":"status-publish","4":"format-standard","5":"has-post-thumbnail","7":"category-portugal","8":"tag-acordo-de-esquerda","9":"tag-breaking-news","10":"tag-breakingnews","11":"tag-camara-municipal-de-almada","12":"tag-cdu","13":"tag-edicao-impressa","14":"tag-featured-news","15":"tag-featurednews","16":"tag-headlines","17":"tag-ines-de-medeiros","18":"tag-latest-news","19":"tag-latestnews","20":"tag-luis-palma","21":"tag-main-news","22":"tag-mainnews","23":"tag-news","24":"tag-noticias","25":"tag-noticias-principais","26":"tag-noticiasprincipais","27":"tag-partido-socialista","28":"tag-portugal","29":"tag-principais-noticias","30":"tag-principaisnoticias","31":"tag-pt","32":"tag-top-stories","33":"tag-topstories","34":"tag-ultimas","35":"tag-ultimas-noticias","36":"tag-ultimasnoticias"},"share_on_mastodon":{"url":"https:\/\/pubeurope.com\/@pt\/115572391590796762","error":""},"_links":{"self":[{"href":"https:\/\/www.europesays.com\/pt\/wp-json\/wp\/v2\/posts\/156834","targetHints":{"allow":["GET"]}}],"collection":[{"href":"https:\/\/www.europesays.com\/pt\/wp-json\/wp\/v2\/posts"}],"about":[{"href":"https:\/\/www.europesays.com\/pt\/wp-json\/wp\/v2\/types\/post"}],"author":[{"embeddable":true,"href":"https:\/\/www.europesays.com\/pt\/wp-json\/wp\/v2\/users\/2"}],"replies":[{"embeddable":true,"href":"https:\/\/www.europesays.com\/pt\/wp-json\/wp\/v2\/comments?post=156834"}],"version-history":[{"count":0,"href":"https:\/\/www.europesays.com\/pt\/wp-json\/wp\/v2\/posts\/156834\/revisions"}],"wp:featuredmedia":[{"embeddable":true,"href":"https:\/\/www.europesays.com\/pt\/wp-json\/wp\/v2\/media\/156835"}],"wp:attachment":[{"href":"https:\/\/www.europesays.com\/pt\/wp-json\/wp\/v2\/media?parent=156834"}],"wp:term":[{"taxonomy":"category","embeddable":true,"href":"https:\/\/www.europesays.com\/pt\/wp-json\/wp\/v2\/categories?post=156834"},{"taxonomy":"post_tag","embeddable":true,"href":"https:\/\/www.europesays.com\/pt\/wp-json\/wp\/v2\/tags?post=156834"}],"curies":[{"name":"wp","href":"https:\/\/api.w.org\/{rel}","templated":true}]}}