{"id":156842,"date":"2025-11-18T19:43:27","date_gmt":"2025-11-18T19:43:27","guid":{"rendered":"https:\/\/www.europesays.com\/pt\/156842\/"},"modified":"2025-11-18T19:43:27","modified_gmt":"2025-11-18T19:43:27","slug":"passageiro-oculto-da-mix-radio-mix-fm","status":"publish","type":"post","link":"https:\/\/www.europesays.com\/pt\/156842\/","title":{"rendered":"Passageiro Oculto da Mix \u2013 R\u00e1dio Mix FM"},"content":{"rendered":"<p>Aten\u00e7\u00e3o, motoristas de aplicativo e taxistas que est\u00e3o sempre na sintonia da R\u00e1dio Mix: agora voc\u00eas t\u00eam mais um motivo pra deixar o dial travado na nossa programa\u00e7\u00e3o. O Passageiro da Mix voltou a circular por S\u00e3o Paulo e pode muito bem entrar no seu carro a qualquer momento.<\/p>\n<p>E a\u00ed, j\u00e1 pensou? Se o Passageiro da Mix pegar uma carona com voc\u00ea, o destino vai ser direto pra um posto de gasolina \u2014 porque quem abastece o tanque \u00e9 a Mix! De segunda a sexta, tem <strong>vale-combust\u00edvel pra voc\u00ea encher o tanque sem pagar nada<\/strong>.<\/p>\n<p>\u00c9 s\u00f3 continuar ouvindo a Mix para descobrir em qual bairro da cidade est\u00e1 o pr\u00f3ximo Passageiro da Mix e ficar na torcida pra ele entrar no seu carro.<\/p>\n<p>Ah, e se o seu ve\u00edculo for el\u00e9trico, relaxa: a Mix banca <strong>um m\u00eas da conta de energia da sua casa<\/strong>. Fechou? Ent\u00e3o j\u00e1 sabe: fica no ritmo da Mix e boa sorte nas ruas!<\/p>\n<p>-&gt; Leia o <a href=\"https:\/\/radiomixfm.com.br\/regulamento-passageiro-oculto-da-mix-2\/\" rel=\"nofollow noopener\" target=\"_blank\">regulamento<\/a> da promo\u00e7\u00e3o<\/p>\n<p><strong>Confira quem j\u00e1 ganhou:<\/strong><\/p>\n<p><strong>17\/11<\/strong><\/p>\n<p>Bianca A**** L*** T******<br \/>Final do telefone: 1909<\/p>\n","protected":false},"excerpt":{"rendered":"Aten\u00e7\u00e3o, motoristas de aplicativo e taxistas que est\u00e3o sempre na sintonia da R\u00e1dio Mix: agora voc\u00eas t\u00eam mais&hellip;\n","protected":false},"author":2,"featured_media":156843,"comment_status":"","ping_status":"","sticky":false,"template":"","format":"standard","meta":{"footnotes":""},"categories":[141],"tags":[33666,114,115,33667,149,150,8561,32,33,799],"class_list":{"0":"post-156842","1":"post","2":"type-post","3":"status-publish","4":"format-standard","5":"has-post-thumbnail","7":"category-musica","8":"tag-33666","9":"tag-entertainment","10":"tag-entretenimento","11":"tag-mix","12":"tag-music","13":"tag-musica","14":"tag-passageiro","15":"tag-portugal","16":"tag-pt","17":"tag-uber"},"share_on_mastodon":{"url":"https:\/\/pubeurope.com\/@pt\/115572415363797181","error":""},"_links":{"self":[{"href":"https:\/\/www.europesays.com\/pt\/wp-json\/wp\/v2\/posts\/156842","targetHints":{"allow":["GET"]}}],"collection":[{"href":"https:\/\/www.europesays.com\/pt\/wp-json\/wp\/v2\/posts"}],"about":[{"href":"https:\/\/www.europesays.com\/pt\/wp-json\/wp\/v2\/types\/post"}],"author":[{"embeddable":true,"href":"https:\/\/www.europesays.com\/pt\/wp-json\/wp\/v2\/users\/2"}],"replies":[{"embeddable":true,"href":"https:\/\/www.europesays.com\/pt\/wp-json\/wp\/v2\/comments?post=156842"}],"version-history":[{"count":0,"href":"https:\/\/www.europesays.com\/pt\/wp-json\/wp\/v2\/posts\/156842\/revisions"}],"wp:featuredmedia":[{"embeddable":true,"href":"https:\/\/www.europesays.com\/pt\/wp-json\/wp\/v2\/media\/156843"}],"wp:attachment":[{"href":"https:\/\/www.europesays.com\/pt\/wp-json\/wp\/v2\/media?parent=156842"}],"wp:term":[{"taxonomy":"category","embeddable":true,"href":"https:\/\/www.europesays.com\/pt\/wp-json\/wp\/v2\/categories?post=156842"},{"taxonomy":"post_tag","embeddable":true,"href":"https:\/\/www.europesays.com\/pt\/wp-json\/wp\/v2\/tags?post=156842"}],"curies":[{"name":"wp","href":"https:\/\/api.w.org\/{rel}","templated":true}]}}