{"id":156847,"date":"2025-11-18T19:48:44","date_gmt":"2025-11-18T19:48:44","guid":{"rendered":"https:\/\/www.europesays.com\/pt\/156847\/"},"modified":"2025-11-18T19:48:44","modified_gmt":"2025-11-18T19:48:44","slug":"nova-gabardine-do-lidl-segue-tendencia-de-moda-inesperada","status":"publish","type":"post","link":"https:\/\/www.europesays.com\/pt\/156847\/","title":{"rendered":"Nova gabardine do Lidl segue tend\u00eancia de moda inesperada"},"content":{"rendered":"<p>As primeiras chuvas e o vento mais frio trazem sempre consigo um cl\u00e1ssico indispens\u00e1vel: as gabardines. Vers\u00e1teis, leves e capazes de transformar qualquer look, continuam a ser uma das escolhas favoritas para os meses de outono e inverno e, este ano, h\u00e1 uma novidade que promete chamar as aten\u00e7\u00f5es.<\/p>\n<p>A marca Esmara, vendida exclusivamente no Lidl, lan\u00e7a uma nova gabardine que <a href=\"https:\/\/www.lidl.pt\/l\/pt\/folhetos\/novidades-a-partir-de-17-11\/view\/flyer\/page\/6?lf=HHZ\" target=\"_blank\" rel=\"nofollow noopener\">chega \u00e0s lojas esta segunda-feira, 17 de novembro<\/a>, e que promete esgotar rapidamente. O grande destaque? O estampado leopardo, animal print que regressa em for\u00e7a com presen\u00e7a nos desfiles de moda e no street style. E \u00e9 de forma inesperada, libertando-se dos b\u00e1sicos, que o Lidl segue a tend\u00eancia.<\/p>\n<p>Mas para quem prefere algo mais discreto, a pe\u00e7a est\u00e1 igualmente dispon\u00edvel em azul-marinho e bege, duas tonalidades cl\u00e1ssicas e f\u00e1ceis de conjugar com qualquer guarda-roupa de outono.<\/p>\n<p>A gabardine apresenta-se nos tamanhos XS a L, tornando-a acess\u00edvel a diferentes silhuetas. E, como seria de esperar no Lidl, chega com um pre\u00e7o simp\u00e1tico: \u20ac19,99.\u00a0<\/p>\n<p>Dispon\u00edvel por tempo limitado, at\u00e9 domingo, 23 de novembro, \u00e9 prov\u00e1vel que esta novidade n\u00e3o se mantenhas nas prateleiras por muito tempo.\u00a0Vais agarrar a tua gabardine na pr\u00f3xima ida ao supermercado? Mostramos as v\u00e1rias op\u00e7\u00f5es na galeria de imagens.\u00a0<\/p>\n","protected":false},"excerpt":{"rendered":"As primeiras chuvas e o vento mais frio trazem sempre consigo um cl\u00e1ssico indispens\u00e1vel: as gabardines. Vers\u00e1teis, leves&hellip;\n","protected":false},"author":2,"featured_media":156848,"comment_status":"","ping_status":"","sticky":false,"template":"","format":"standard","meta":{"footnotes":""},"categories":[85],"tags":[1081,2139,204,114,115,9086,33668,754,6513,186,1079,32,33,1078,1080],"class_list":{"0":"post-156847","1":"post","2":"type-post","3":"status-publish","4":"format-standard","5":"has-post-thumbnail","7":"category-entretenimento","8":"tag-beleza","9":"tag-chuva","10":"tag-design","11":"tag-entertainment","12":"tag-entretenimento","13":"tag-frio","14":"tag-gabardine","15":"tag-gastronomia","16":"tag-lidl","17":"tag-lifestyle","18":"tag-moda","19":"tag-portugal","20":"tag-pt","21":"tag-versa","22":"tag-viagens"},"share_on_mastodon":{"url":"https:\/\/pubeurope.com\/@pt\/115572434763842510","error":""},"_links":{"self":[{"href":"https:\/\/www.europesays.com\/pt\/wp-json\/wp\/v2\/posts\/156847","targetHints":{"allow":["GET"]}}],"collection":[{"href":"https:\/\/www.europesays.com\/pt\/wp-json\/wp\/v2\/posts"}],"about":[{"href":"https:\/\/www.europesays.com\/pt\/wp-json\/wp\/v2\/types\/post"}],"author":[{"embeddable":true,"href":"https:\/\/www.europesays.com\/pt\/wp-json\/wp\/v2\/users\/2"}],"replies":[{"embeddable":true,"href":"https:\/\/www.europesays.com\/pt\/wp-json\/wp\/v2\/comments?post=156847"}],"version-history":[{"count":0,"href":"https:\/\/www.europesays.com\/pt\/wp-json\/wp\/v2\/posts\/156847\/revisions"}],"wp:featuredmedia":[{"embeddable":true,"href":"https:\/\/www.europesays.com\/pt\/wp-json\/wp\/v2\/media\/156848"}],"wp:attachment":[{"href":"https:\/\/www.europesays.com\/pt\/wp-json\/wp\/v2\/media?parent=156847"}],"wp:term":[{"taxonomy":"category","embeddable":true,"href":"https:\/\/www.europesays.com\/pt\/wp-json\/wp\/v2\/categories?post=156847"},{"taxonomy":"post_tag","embeddable":true,"href":"https:\/\/www.europesays.com\/pt\/wp-json\/wp\/v2\/tags?post=156847"}],"curies":[{"name":"wp","href":"https:\/\/api.w.org\/{rel}","templated":true}]}}