{"id":156849,"date":"2025-11-18T19:51:13","date_gmt":"2025-11-18T19:51:13","guid":{"rendered":"https:\/\/www.europesays.com\/pt\/156849\/"},"modified":"2025-11-18T19:51:13","modified_gmt":"2025-11-18T19:51:13","slug":"bruxelas-autoriza-primeiro-tratamento-para-doenca-pulmonar-cronica-na-ue","status":"publish","type":"post","link":"https:\/\/www.europesays.com\/pt\/156849\/","title":{"rendered":"Bruxelas autoriza primeiro tratamento para doen\u00e7a pulmonar cr\u00f3nica na UE"},"content":{"rendered":"<p><strong>A <\/strong><a href=\"https:\/\/commission.europa.eu\/index_pt\" target=\"_blank\" rel=\"noreferrer noopener nofollow\"><strong>Comiss\u00e3o Europeia<\/strong><\/a><strong> autorizou o primeiro tratamento para a doen\u00e7a pulmonar cr\u00f3nica nos pa\u00edses da Uni\u00e3o Europeia (UE) em pessoas a partir dos 12 anos, foi esta ter\u00e7a-feira anunciado.<\/strong><\/p>\n<blockquote><p> Em comunicado, o executivo comunit\u00e1rio europeu anunciou a autoriza\u00e7\u00e3o da utiliza\u00e7\u00e3o de &#8220;brensocatib&#8221;, descrevendo que se trata de uma &#8220;substancia ativa para o tratamento cr\u00f3nico de doen\u00e7a pulmonar progressiva (bronquiectasia n\u00e3o fibroqu\u00edstica) em pacientes com pelo menos 12 anos&#8221;. <\/p><\/blockquote>\n<p>De acordo com a Comiss\u00e3o Europeia, h\u00e1 entre 400.000 e tr\u00eas milh\u00f5es de pessoas que sofrem desta doen\u00e7a nos 27 pa\u00edses do bloco pol\u00edtico-econ\u00f3mico europeu, que danifica as vias respirat\u00f3rias e as fun\u00e7\u00f5es pulmon\u00e1rias, levando a uma obstru\u00e7\u00e3o permanente que se traduz em dificuldades respirat\u00f3rias constantes.<\/p>\n<p>Esta doen\u00e7a pode ser resultado de infe\u00e7\u00f5es respirat\u00f3rias, doen\u00e7as e disfun\u00e7\u00f5es autoimunes.<\/p>\n<p>N\u00e3o havia alternativa aprovada<\/p>\n<p>At\u00e9 hoje n\u00e3o havia tratamentos cl\u00ednicos aprovados, pelo que a aprova\u00e7\u00e3o desta terapia &#8220;responde a uma necessidade m\u00e9dica que ainda n\u00e3o tinha sido atendida&#8221;.<\/p>\n<p>A Comiss\u00e3o Europeia adiantou que &#8220;brensocatib&#8221; est\u00e1 sujeito a prescri\u00e7\u00e3o m\u00e9dica e que h\u00e1 efeitos secund\u00e1rios, como em qualquer f\u00e1rmaco, n\u00e3o sendo aconselhado a gr\u00e1vidas.<\/p>\n","protected":false},"excerpt":{"rendered":"A Comiss\u00e3o Europeia autorizou o primeiro tratamento para a doen\u00e7a pulmonar cr\u00f3nica nos pa\u00edses da Uni\u00e3o Europeia (UE)&hellip;\n","protected":false},"author":2,"featured_media":156850,"comment_status":"","ping_status":"","sticky":false,"template":"","format":"standard","meta":{"footnotes":""},"categories":[50],"tags":[27,28,15,16,14,25,26,21,22,62,12,13,19,20,23,24,17,18,29,30,31,63,64,65],"class_list":{"0":"post-156849","1":"post","2":"type-post","3":"status-publish","4":"format-standard","5":"has-post-thumbnail","7":"category-mundo","8":"tag-breaking-news","9":"tag-breakingnews","10":"tag-featured-news","11":"tag-featurednews","12":"tag-headlines","13":"tag-latest-news","14":"tag-latestnews","15":"tag-main-news","16":"tag-mainnews","17":"tag-mundo","18":"tag-news","19":"tag-noticias","20":"tag-noticias-principais","21":"tag-noticiasprincipais","22":"tag-principais-noticias","23":"tag-principaisnoticias","24":"tag-top-stories","25":"tag-topstories","26":"tag-ultimas","27":"tag-ultimas-noticias","28":"tag-ultimasnoticias","29":"tag-world","30":"tag-world-news","31":"tag-worldnews"},"share_on_mastodon":{"url":"https:\/\/pubeurope.com\/@pt\/115572446719271693","error":""},"_links":{"self":[{"href":"https:\/\/www.europesays.com\/pt\/wp-json\/wp\/v2\/posts\/156849","targetHints":{"allow":["GET"]}}],"collection":[{"href":"https:\/\/www.europesays.com\/pt\/wp-json\/wp\/v2\/posts"}],"about":[{"href":"https:\/\/www.europesays.com\/pt\/wp-json\/wp\/v2\/types\/post"}],"author":[{"embeddable":true,"href":"https:\/\/www.europesays.com\/pt\/wp-json\/wp\/v2\/users\/2"}],"replies":[{"embeddable":true,"href":"https:\/\/www.europesays.com\/pt\/wp-json\/wp\/v2\/comments?post=156849"}],"version-history":[{"count":0,"href":"https:\/\/www.europesays.com\/pt\/wp-json\/wp\/v2\/posts\/156849\/revisions"}],"wp:featuredmedia":[{"embeddable":true,"href":"https:\/\/www.europesays.com\/pt\/wp-json\/wp\/v2\/media\/156850"}],"wp:attachment":[{"href":"https:\/\/www.europesays.com\/pt\/wp-json\/wp\/v2\/media?parent=156849"}],"wp:term":[{"taxonomy":"category","embeddable":true,"href":"https:\/\/www.europesays.com\/pt\/wp-json\/wp\/v2\/categories?post=156849"},{"taxonomy":"post_tag","embeddable":true,"href":"https:\/\/www.europesays.com\/pt\/wp-json\/wp\/v2\/tags?post=156849"}],"curies":[{"name":"wp","href":"https:\/\/api.w.org\/{rel}","templated":true}]}}