{"id":156853,"date":"2025-11-18T19:57:16","date_gmt":"2025-11-18T19:57:16","guid":{"rendered":"https:\/\/www.europesays.com\/pt\/156853\/"},"modified":"2025-11-18T19:57:16","modified_gmt":"2025-11-18T19:57:16","slug":"cristina-ferreira-certidao-de-nascimento-revela-dado-secreto-os-pais-sao","status":"publish","type":"post","link":"https:\/\/www.europesays.com\/pt\/156853\/","title":{"rendered":"Cristina Ferreira &#8211; Certid\u00e3o de nascimento revela dado &#8216;secreto&#8217;: &#8220;Os pais s\u00e3o&#8230;&#8221;"},"content":{"rendered":"<p>Numa altura em que existiam d\u00favidas sobre se <strong>Cristina Ferreira<\/strong> tinha ou n\u00e3o dado o n\u00f3 com <strong>Jo\u00e3o Monteiro<\/strong>, o Noite das Estrelas <a href=\"https:\/\/www.novagente.pt\/cristina-ferreira-afinal-casou-se-mesmo-com-joao-monteiro-que-diz-certidao\" target=\"_blank\" rel=\"nofollow noopener\">consultou a certid\u00e3o de nascimento<\/a> para dissipar qualquer d\u00favida.<\/p>\n<p>O documento mostra que a apresentadora n\u00e3o se casou, continuando assim com o estado civil de <strong>solteira<\/strong>.<\/p>\n<p>A informa\u00e7\u00e3o sobre os pais de Cristina Ferreira<\/p>\n<p>Al\u00e9m disso, h\u00e1 outra informa\u00e7\u00e3o interessante que consta na sua certid\u00e3o de nascimento, conforme deu conta <strong>Ricardo Azedo<\/strong>.<\/p>\n<p>\u201cMas a certid\u00e3o diz ainda outra coisa. Diz que os pais da\u00a0Cristina tamb\u00e9m s\u00e3o solteiros. Portanto, os pais de Cristina tamb\u00e9m n\u00e3o casaram. E, portanto, este sonho da Cristina casar parece-me a mim um sonho um bocado fict\u00edcio, um pouco, desculpem o termo, para ingl\u00eas ver. Porque ela tem em casa a prova que n\u00e3o \u00e9 preciso casar para se ser feliz\u201c.<\/p>\n<p>Texto: Tom\u00e1s Casc\u00e3o; Fotos: Redes sociais<\/p>\n<p class=\"intagram-text\">Siga a Nova Gente no Instagram<\/p>\n<p>                        <a href=\"https:\/\/www.instagram.com\/revistanovagente\/\" target=\"_blank\" aria-label=\"instagram\" rel=\"noopener nofollow\"><img decoding=\"async\" style=\"display: block; margin-left: auto; margin-right: auto; width: 250px; height: 83px;\" src=\"https:\/\/www.europesays.com\/pt\/wp-content\/uploads\/2025\/11\/Instagram_NG.png\" alt=\"instagram\"\/><\/a><br \/>\n                    <script async src=\"\/\/www.instagram.com\/embed.js\"><\/script><\/p>\n","protected":false},"excerpt":{"rendered":"Numa altura em que existiam d\u00favidas sobre se Cristina Ferreira tinha ou n\u00e3o dado o n\u00f3 com Jo\u00e3o&hellip;\n","protected":false},"author":2,"featured_media":156854,"comment_status":"","ping_status":"","sticky":false,"template":"","format":"standard","meta":{"footnotes":""},"categories":[145],"tags":[211,210,166,114,115,6470,32,33],"class_list":{"0":"post-156853","1":"post","2":"type-post","3":"status-publish","4":"format-standard","5":"has-post-thumbnail","7":"category-celebridades","8":"tag-celebridades","9":"tag-celebrities","10":"tag-cristina-ferreira","11":"tag-entertainment","12":"tag-entretenimento","13":"tag-joao-monteiro","14":"tag-portugal","15":"tag-pt"},"share_on_mastodon":{"url":"https:\/\/pubeurope.com\/@pt\/115572470379532508","error":""},"_links":{"self":[{"href":"https:\/\/www.europesays.com\/pt\/wp-json\/wp\/v2\/posts\/156853","targetHints":{"allow":["GET"]}}],"collection":[{"href":"https:\/\/www.europesays.com\/pt\/wp-json\/wp\/v2\/posts"}],"about":[{"href":"https:\/\/www.europesays.com\/pt\/wp-json\/wp\/v2\/types\/post"}],"author":[{"embeddable":true,"href":"https:\/\/www.europesays.com\/pt\/wp-json\/wp\/v2\/users\/2"}],"replies":[{"embeddable":true,"href":"https:\/\/www.europesays.com\/pt\/wp-json\/wp\/v2\/comments?post=156853"}],"version-history":[{"count":0,"href":"https:\/\/www.europesays.com\/pt\/wp-json\/wp\/v2\/posts\/156853\/revisions"}],"wp:featuredmedia":[{"embeddable":true,"href":"https:\/\/www.europesays.com\/pt\/wp-json\/wp\/v2\/media\/156854"}],"wp:attachment":[{"href":"https:\/\/www.europesays.com\/pt\/wp-json\/wp\/v2\/media?parent=156853"}],"wp:term":[{"taxonomy":"category","embeddable":true,"href":"https:\/\/www.europesays.com\/pt\/wp-json\/wp\/v2\/categories?post=156853"},{"taxonomy":"post_tag","embeddable":true,"href":"https:\/\/www.europesays.com\/pt\/wp-json\/wp\/v2\/tags?post=156853"}],"curies":[{"name":"wp","href":"https:\/\/api.w.org\/{rel}","templated":true}]}}