{"id":156857,"date":"2025-11-18T20:01:25","date_gmt":"2025-11-18T20:01:25","guid":{"rendered":"https:\/\/www.europesays.com\/pt\/156857\/"},"modified":"2025-11-18T20:01:25","modified_gmt":"2025-11-18T20:01:25","slug":"filho-de-steve-harris-se-aposenta-das-turnes-com-the-raven-age","status":"publish","type":"post","link":"https:\/\/www.europesays.com\/pt\/156857\/","title":{"rendered":"Filho de Steve Harris se aposenta das turn\u00eas com The Raven Age"},"content":{"rendered":"\n<p><strong>George Harris<\/strong>, filho de <strong>Steve Harris<\/strong> (<strong>Iron Maiden<\/strong>), anunciou que vai se aposentar das turn\u00eas com <strong><a href=\"https:\/\/igormiranda.com.br\/tag\/the-raven-age\/\" target=\"_blank\" rel=\"noreferrer noopener nofollow\">The Raven Age<\/a><\/strong>. Por causa de um problema de sa\u00fade, o guitarrista de <a href=\"https:\/\/www.neuepresse.de\/kultur\/regional\/the-raven-age-sohn-von-iron-maiden-bassist-harris-in-hannover-3N7RBZE6ORH7ZD4RYQK7TXPZPM.html\" target=\"_blank\" rel=\"noreferrer noopener nofollow\">34 anos<\/a>, que cofundou a banda em 2009, deixar\u00e1 de se apresentar ao vivo ap\u00f3s o fim da <strong>\u201cMonarchy Tour\u201d<\/strong>, no dia 30 de novembro, em Londres, Inglaterra.<\/p>\n<p><a href=\"https:\/\/www.instagram.com\/p\/DRExQOpjPNI\/?img_index=1\" target=\"_blank\" rel=\"noreferrer noopener nofollow\">Em texto nas redes sociais<\/a>, o m\u00fasico revelou que enfrenta uma quest\u00e3o delicada nas m\u00e3os desde 2019. Como relatado, at\u00e9 tentou fisioterapia, tratamentos alternativos e uma cirurgia para amenizar os sintomas, mas nada surtiu efeito, o que dificulta a tarefa de tocar.\u00a0<\/p>\n<p>&#8211; Advertisement &#8211;<\/p>\n<p>O artista explicou:<\/p>\n<p>\u201cOi, f\u00e3s do TRA. Este \u00e9 um texto dif\u00edcil de escrever, mas eu queria ser honesto com todos voc\u00eas e contar o que tem acontecido comigo e com a banda. Nossa pr\u00f3xima turn\u00ea chamada \u2018Monarchy Tour\u2019, no Reino Unido, no fim deste m\u00eas, ser\u00e1 a \u00faltima vez que tocarei ao vivo com o TRA. S\u00f3 de digitar isso j\u00e1 parece estranho. Vivi e respirei essa banda por tantos anos, e ela foi uma parte enorme da minha vida. Comecei o TRA com o <strong>Dan<\/strong> [<strong>Wright<\/strong>] no fim da adolesc\u00eancia\/in\u00edcio dos meus 20 anos e, desde ent\u00e3o, coloquei meu cora\u00e7\u00e3o e minha alma para fazer tudo dar certo. O que a maioria das pessoas n\u00e3o sabe \u00e9 que estou lidando com um problema de sa\u00fade h\u00e1 pouco mais de seis anos, algo que tornou tocar guitarra muito dif\u00edcil. Percebi pela primeira vez durante a turn\u00ea de 2019. No in\u00edcio, achei que era s\u00f3 falta de pr\u00e1tica ou de foco, mas com o tempo ficou claro que era algo f\u00edsico. E isso s\u00f3 piorou. A ponto de, sempre que pego uma guitarra, sentir mais como uma luta do que como aquilo que eu mais amava fazer. Por muito tempo, lidar com isso foi extremamente dif\u00edcil. Tentei de tudo ao longo dos anos para resolver, fisioterapia, descanso, tratamentos, terapia, at\u00e9 uma cirurgia para mover um nervo, mas infelizmente nada funcionou.\u201d<\/p>\n<p>Um substituto nos palcos ainda n\u00e3o confirmado. Contudo, o pr\u00f3prio George destacou que continuar\u00e1 envolvido nos bastidores do The Raven Age, tanto compondo e gravando quanto participando das decis\u00f5es:<\/p>\n<p>\u201cEu n\u00e3o queria postar uma daquelas notas sobre \u2018circunst\u00e2ncias imprevistas\u2019, porque acho que voc\u00eas merecem a verdade. Ent\u00e3o \u00e9 isso: tomei a decis\u00e3o muito dif\u00edcil de parar de tocar ao vivo. A banda vai continuar com outra pessoa na guitarra e darei meu apoio. Continuarei trabalhando nos bastidores em composi\u00e7\u00e3o, grava\u00e7\u00e3o e mantendo o TRA vivo. Felizmente, a maior parte do meu processo de composi\u00e7\u00e3o vem da cabe\u00e7a, n\u00e3o das m\u00e3os, ent\u00e3o esse lado das coisas continua intacto.\u201d<\/p>\n<p>Por fim, o guitarrista agradeceu aos colegas e equipe da banda, sobretudo ao ex-guitarrista Dan Wright, com quem formou o grupo:<\/p>\n<p>\u201cAos meninos da banda e \u00e0 equipe\u2026 obrigado por tudo. Os shows, as risadas, a loucura\u2026 Dividir o palco com voc\u00eas foi uma das melhores coisas que j\u00e1 fiz e sentirei muita falta disso. Obrigado ao Dan por ter iniciado aquelas sess\u00f5es de jam nas noites de quarta-feira, tantos anos atr\u00e1s, que sem querer acabaram nos rendendo um contrato com uma grande gravadora e fizeram com que torn\u00e1ssemos uma banda de turn\u00ea. Mas, sinceramente, estou at\u00e9 animado para ficar na plateia pela primeira vez e assistir aos caras arrasando do outro lado. Obrigado por todo o apoio ao longo dos anos. Vejo voc\u00eas uma \u00faltima vez na \u2018Monarchy Tour\u2019 daqui a algumas semanas. Vamos fazer valer a pena.\u201d<\/p>\n<blockquote class=\"instagram-media\" data-instgrm-permalink=\"https:\/\/www.instagram.com\/p\/DRExQOpjPNI\/?utm_source=ig_embed&amp;utm_campaign=loading\" data-instgrm-version=\"14\" style=\"background:#FFF;border:0;border-radius:3px;margin: 1px;max-width:540px;min-width:326px;padding:0;width:99.375%;width:-webkit-calc(100% - 2px);width:calc(100% - 2px)\"><\/blockquote>\n<p> Sobre The Raven Age <\/p>\n<p>Fundado em 2009, The Raven Age \u00e9 mais conhecido internacionalmente por contar em sua forma\u00e7\u00e3o com o guitarrista George Harris, filho de Steve Harris, baixista e l\u00edder do Iron Maiden. O grupo tamb\u00e9m inclui o vocalista Matt \u201cMJ\u201d James, o guitarrista Tommy Gentry, o baixista Matt Cox e o baterista Jai Patel.\u00a0<\/p>\n<p>Nos \u00faltimos anos, a banda excursionou com o Iron Maiden, Anthrax, Killswitch Engage e Tremonti, entre outros. \u201cBlood Omen\u201d, \u00e1lbum mais recente, saiu em 2023.<\/p>\n<p><strong>Clique<\/strong> para seguir IgorMiranda.com.br no: <a href=\"https:\/\/instagram.com\/igormirandasite\" target=\"_blank\" rel=\"noreferrer noopener nofollow\">Instagram<\/a> | <a href=\"https:\/\/bsky.app\/profile\/igormirandasite.bsky.social\" target=\"_blank\" rel=\"noreferrer noopener nofollow\">Bluesky<\/a> | <a href=\"https:\/\/twitter.com\/igormirandasite\" target=\"_blank\" rel=\"noreferrer noopener nofollow\">Twitter<\/a> | <a href=\"https:\/\/tiktok.com\/@igormirandasite\" target=\"_blank\" rel=\"noreferrer noopener nofollow\">TikTok<\/a> | <a href=\"https:\/\/facebook.com\/igormirandasite\" target=\"_blank\" rel=\"noreferrer noopener nofollow\">Facebook<\/a> | <a href=\"https:\/\/www.youtube.com\/igormirandasite\" target=\"_blank\" rel=\"noreferrer noopener nofollow\">YouTube<\/a> | <a href=\"https:\/\/www.threads.net\/@igormirandasite\" target=\"_blank\" rel=\"noreferrer noopener nofollow\">Threads<\/a>.<\/p>\n<p> <script async src=\"https:\/\/platform.twitter.com\/widgets.js\" charset=\"utf-8\"><\/script><script async src=\"\/\/www.instagram.com\/embed.js\"><\/script><script async src=\"\/\/www.tiktok.com\/embed.js\"><\/script><\/p>\n","protected":false},"excerpt":{"rendered":"George Harris, filho de Steve Harris (Iron Maiden), anunciou que vai se aposentar das turn\u00eas com The Raven&hellip;\n","protected":false},"author":2,"featured_media":156858,"comment_status":"","ping_status":"","sticky":false,"template":"","format":"standard","meta":{"footnotes":""},"categories":[141],"tags":[114,115,33669,149,150,32,33,9876,33670],"class_list":{"0":"post-156857","1":"post","2":"type-post","3":"status-publish","4":"format-standard","5":"has-post-thumbnail","7":"category-musica","8":"tag-entertainment","9":"tag-entretenimento","10":"tag-george-harris","11":"tag-music","12":"tag-musica","13":"tag-portugal","14":"tag-pt","15":"tag-steve-harris","16":"tag-the-raven-age"},"share_on_mastodon":{"url":"https:\/\/pubeurope.com\/@pt\/115572486289845087","error":""},"_links":{"self":[{"href":"https:\/\/www.europesays.com\/pt\/wp-json\/wp\/v2\/posts\/156857","targetHints":{"allow":["GET"]}}],"collection":[{"href":"https:\/\/www.europesays.com\/pt\/wp-json\/wp\/v2\/posts"}],"about":[{"href":"https:\/\/www.europesays.com\/pt\/wp-json\/wp\/v2\/types\/post"}],"author":[{"embeddable":true,"href":"https:\/\/www.europesays.com\/pt\/wp-json\/wp\/v2\/users\/2"}],"replies":[{"embeddable":true,"href":"https:\/\/www.europesays.com\/pt\/wp-json\/wp\/v2\/comments?post=156857"}],"version-history":[{"count":0,"href":"https:\/\/www.europesays.com\/pt\/wp-json\/wp\/v2\/posts\/156857\/revisions"}],"wp:featuredmedia":[{"embeddable":true,"href":"https:\/\/www.europesays.com\/pt\/wp-json\/wp\/v2\/media\/156858"}],"wp:attachment":[{"href":"https:\/\/www.europesays.com\/pt\/wp-json\/wp\/v2\/media?parent=156857"}],"wp:term":[{"taxonomy":"category","embeddable":true,"href":"https:\/\/www.europesays.com\/pt\/wp-json\/wp\/v2\/categories?post=156857"},{"taxonomy":"post_tag","embeddable":true,"href":"https:\/\/www.europesays.com\/pt\/wp-json\/wp\/v2\/tags?post=156857"}],"curies":[{"name":"wp","href":"https:\/\/api.w.org\/{rel}","templated":true}]}}