{"id":156859,"date":"2025-11-18T20:02:10","date_gmt":"2025-11-18T20:02:10","guid":{"rendered":"https:\/\/www.europesays.com\/pt\/156859\/"},"modified":"2025-11-18T20:02:10","modified_gmt":"2025-11-18T20:02:10","slug":"vaza-imagem-do-novo-visual-da-mistica","status":"publish","type":"post","link":"https:\/\/www.europesays.com\/pt\/156859\/","title":{"rendered":"Vaza imagem do novo visual da M\u00edstica"},"content":{"rendered":"<p>A <a href=\"https:\/\/legadodamarvel.com.br\/tag\/mistica\" rel=\"nofollow noopener\" target=\"_blank\">M\u00edstica<\/a> teve seu visual REVELADO em <a href=\"https:\/\/legadodamarvel.com.br\/filme\/vingadores-doomsday\" rel=\"nofollow noopener\" target=\"_blank\">Vingadores: Doomsday<\/a> gra\u00e7as a novo desenho de artista que viu conte\u00fado proibido! Deixa que a gente te explica essa hist\u00f3ria toda.<\/p>\n<p>Os f\u00e3s da Marvel ganharam mais um gostinho do que eles est\u00e3o preparando para Vingadores 5 \u2014 e dessa vez o foco \u00e9 ningu\u00e9m menos que a <strong>M\u00edstica<\/strong>. Como anunciado na live das cadeiras, <strong>Rebecca Romijn<\/strong> est\u00e1 de volta como a mutante quase 20 anos depois.<\/p>\n<p>Enquanto isso, o artista <strong>@AjepArts<\/strong>, que teve acesso a imagens reais do filme, publicou um desenho baseado no visual da mutante. E olha\u2026 parece que o MCU vai apostar em um estilo bem diferente daquele que vimos na era Fox.<\/p>\n<p>Vingadores 5: Como ser\u00e1 o visual da M\u00edstica?<\/p>\n<p>A arte mostra a M\u00edstica usando um traje branco completo, com detalhes em azul e uma gola alta que lembra bastante uniformes cl\u00e1ssicos dos X-Men \u2014 mas com aquele toque mais futurista que combina com a est\u00e9tica dos Vingadores. A personagem aparece com a pele azul marcada e o cabelo curto avermelhado, mantendo elementos ic\u00f4nicos da personagem, s\u00f3 que num visual bem mais t\u00e1tico.<\/p>\n<p>Confira o <a href=\"https:\/\/xcancel.com\/ajeparts\/status\/1990140017147027479?s=46&amp;t=D3kSWzFbWrR5R7DGIdZpEQ\" rel=\"nofollow noopener\" target=\"_blank\">desenho feito pelo usu\u00e1rio<\/a>, para n\u00e3o replicar e divulgar exatamente a imagem vazada:<\/p>\n<p><img loading=\"lazy\" decoding=\"async\" width=\"648\" height=\"1024\" viewbox=\"0 0 648 1024\" src=\"https:\/\/www.europesays.com\/pt\/wp-content\/uploads\/2025\/11\/legadodamarvel-mistica-mystique-avengers-doomsday-vingadores-arte-fa-648x1024.webp.webp\" alt=\"\" class=\"lazyload wp-image-165679\"  data-\/><\/p>\n<p>O mais interessante \u00e9 que o look mistura refer\u00eancias das HQs com algo totalmente novo. Nada da apar\u00eancia hipertexturizada e quase alien\u00edgena da vers\u00e3o antiga dos cinemas \u2014 aqui, a vibe \u00e9 muito mais limpa, elegante e pr\u00f3xima do que os f\u00e3s sempre pediram.<\/p>\n<p>\u00c9 praticamente a M\u00edstica \u201cdefinitiva\u201d, aquela que muitos imaginavam ver no MCU desde o come\u00e7o.<\/p>\n<p>O desenho tamb\u00e9m entrega detalhes do uniforme, como o cinto com o \u201cX\u201d, refor\u00e7ando que os X-Men est\u00e3o chegando com for\u00e7a total para Doomsday. Se a arte realmente reflete o que veremos nas telonas \u2014 e o artista afirma que sim \u2014 ent\u00e3o ela deve ter um papel de bastante destaque no filme.<\/p>\n<p>Mutante deve assumir novo papel em Doomsday<\/p>\n<p>E, claro, isso abriu um mar de especula\u00e7\u00f5es: ela estar\u00e1 ali como antagonista? Aliada? Uma pe\u00e7a neutra, como tantas vezes foi nos quadrinhos? O fato \u00e9 que qualquer apari\u00e7\u00e3o da mutante no maior evento do MCU at\u00e9 agora promete bagun\u00e7ar o tabuleiro de um jeito que s\u00f3 a maior guerreira do Magneto pode fazer!<\/p>\n<p>Por enquanto, ficamos com a arte \u2014 que j\u00e1 \u00e9 suficiente pra deixar muito f\u00e3 surtando. Se esse for mesmo o visual oficial, Vingadores 5 n\u00e3o vai s\u00f3 colocar os X-Men no jogo\u2026 vai fazer isso com estilo.<\/p>\n<p><strong>LEIA TAMB\u00c9M:<\/strong><\/p>\n<p>Por fim, siga de olho aqui no <strong>Legado da Marvel<\/strong> para mais informa\u00e7\u00f5es e curiosidades.<\/p>\n","protected":false},"excerpt":{"rendered":"A M\u00edstica teve seu visual REVELADO em Vingadores: Doomsday gra\u00e7as a novo desenho de artista que viu conte\u00fado&hellip;\n","protected":false},"author":2,"featured_media":156860,"comment_status":"","ping_status":"","sticky":false,"template":"","format":"standard","meta":{"footnotes":""},"categories":[140],"tags":[114,115,147,148,33671,146,32,33,14176],"class_list":{"0":"post-156859","1":"post","2":"type-post","3":"status-publish","4":"format-standard","5":"has-post-thumbnail","7":"category-filmes","8":"tag-entertainment","9":"tag-entretenimento","10":"tag-film","11":"tag-filmes","12":"tag-mistica","13":"tag-movies","14":"tag-portugal","15":"tag-pt","16":"tag-vingadores-doomsday"},"share_on_mastodon":{"url":"https:\/\/pubeurope.com\/@pt\/115572490106272109","error":""},"_links":{"self":[{"href":"https:\/\/www.europesays.com\/pt\/wp-json\/wp\/v2\/posts\/156859","targetHints":{"allow":["GET"]}}],"collection":[{"href":"https:\/\/www.europesays.com\/pt\/wp-json\/wp\/v2\/posts"}],"about":[{"href":"https:\/\/www.europesays.com\/pt\/wp-json\/wp\/v2\/types\/post"}],"author":[{"embeddable":true,"href":"https:\/\/www.europesays.com\/pt\/wp-json\/wp\/v2\/users\/2"}],"replies":[{"embeddable":true,"href":"https:\/\/www.europesays.com\/pt\/wp-json\/wp\/v2\/comments?post=156859"}],"version-history":[{"count":0,"href":"https:\/\/www.europesays.com\/pt\/wp-json\/wp\/v2\/posts\/156859\/revisions"}],"wp:featuredmedia":[{"embeddable":true,"href":"https:\/\/www.europesays.com\/pt\/wp-json\/wp\/v2\/media\/156860"}],"wp:attachment":[{"href":"https:\/\/www.europesays.com\/pt\/wp-json\/wp\/v2\/media?parent=156859"}],"wp:term":[{"taxonomy":"category","embeddable":true,"href":"https:\/\/www.europesays.com\/pt\/wp-json\/wp\/v2\/categories?post=156859"},{"taxonomy":"post_tag","embeddable":true,"href":"https:\/\/www.europesays.com\/pt\/wp-json\/wp\/v2\/tags?post=156859"}],"curies":[{"name":"wp","href":"https:\/\/api.w.org\/{rel}","templated":true}]}}