{"id":156869,"date":"2025-11-18T20:09:14","date_gmt":"2025-11-18T20:09:14","guid":{"rendered":"https:\/\/www.europesays.com\/pt\/156869\/"},"modified":"2025-11-18T20:09:14","modified_gmt":"2025-11-18T20:09:14","slug":"atropelamento-condiciona-circulacao-do-metro-na-senhora-da-hora","status":"publish","type":"post","link":"https:\/\/www.europesays.com\/pt\/156869\/","title":{"rendered":"Atropelamento condiciona circula\u00e7\u00e3o do metro na Senhora da Hora"},"content":{"rendered":"<p data-remotead-prev-elm=\"true\" data-remotead-elm-id=\"inread\">A v\u00edtima, segundo fonte do Comando Distrital de Opera\u00e7\u00f5es e Socorro do Porto sofreu ferimentos considerados leves. O sinistro mobilizou um total de 24 operacionais e seis viaturas.<\/p>\n<p>No local est\u00e3o seis operacionais e uma viatura dos Bombeiros de Matosinhos-Le\u00e7a, que receberam o alerta cerca das 17.57 horas desta ter\u00e7a-feira. Foram ainda mobilizados meios da Prote\u00e7\u00e3o Civil e do INEM, que mobilizou uma mota de emerg\u00eancia, uma ambul\u00e2ncia e ainda uma Viatura M\u00e9dica.<\/p>\n<p>A circula\u00e7\u00e3o esteve condicionada durante cerca de meia-hora, mas as composi\u00e7\u00f5es continuam a circular, uma vez que na Senhora da Hora h\u00e1 v\u00e1rias linhas, o que permite manter o servi\u00e7o. Segundo fonte da empresa Metro do Porto, a circula\u00e7\u00e3o foi normalizada cerca das 18.35 horas.<\/p>\n","protected":false},"excerpt":{"rendered":"A v\u00edtima, segundo fonte do Comando Distrital de Opera\u00e7\u00f5es e Socorro do Porto sofreu ferimentos considerados leves. O&hellip;\n","protected":false},"author":2,"featured_media":156870,"comment_status":"","ping_status":"","sticky":false,"template":"","format":"standard","meta":{"footnotes":""},"categories":[10],"tags":[2240,27,28,19484,15,16,14,25,26,21,22,17156,12,13,19,20,32,23,24,33,17,18,29,30,31],"class_list":{"0":"post-156869","1":"post","2":"type-post","3":"status-publish","4":"format-standard","5":"has-post-thumbnail","7":"category-portugal","8":"tag-atropelamento","9":"tag-breaking-news","10":"tag-breakingnews","11":"tag-concelho-matosinhos","12":"tag-featured-news","13":"tag-featurednews","14":"tag-headlines","15":"tag-latest-news","16":"tag-latestnews","17":"tag-main-news","18":"tag-mainnews","19":"tag-metro","20":"tag-news","21":"tag-noticias","22":"tag-noticias-principais","23":"tag-noticiasprincipais","24":"tag-portugal","25":"tag-principais-noticias","26":"tag-principaisnoticias","27":"tag-pt","28":"tag-top-stories","29":"tag-topstories","30":"tag-ultimas","31":"tag-ultimas-noticias","32":"tag-ultimasnoticias"},"share_on_mastodon":{"url":"https:\/\/pubeurope.com\/@pt\/115572517360265723","error":""},"_links":{"self":[{"href":"https:\/\/www.europesays.com\/pt\/wp-json\/wp\/v2\/posts\/156869","targetHints":{"allow":["GET"]}}],"collection":[{"href":"https:\/\/www.europesays.com\/pt\/wp-json\/wp\/v2\/posts"}],"about":[{"href":"https:\/\/www.europesays.com\/pt\/wp-json\/wp\/v2\/types\/post"}],"author":[{"embeddable":true,"href":"https:\/\/www.europesays.com\/pt\/wp-json\/wp\/v2\/users\/2"}],"replies":[{"embeddable":true,"href":"https:\/\/www.europesays.com\/pt\/wp-json\/wp\/v2\/comments?post=156869"}],"version-history":[{"count":0,"href":"https:\/\/www.europesays.com\/pt\/wp-json\/wp\/v2\/posts\/156869\/revisions"}],"wp:featuredmedia":[{"embeddable":true,"href":"https:\/\/www.europesays.com\/pt\/wp-json\/wp\/v2\/media\/156870"}],"wp:attachment":[{"href":"https:\/\/www.europesays.com\/pt\/wp-json\/wp\/v2\/media?parent=156869"}],"wp:term":[{"taxonomy":"category","embeddable":true,"href":"https:\/\/www.europesays.com\/pt\/wp-json\/wp\/v2\/categories?post=156869"},{"taxonomy":"post_tag","embeddable":true,"href":"https:\/\/www.europesays.com\/pt\/wp-json\/wp\/v2\/tags?post=156869"}],"curies":[{"name":"wp","href":"https:\/\/api.w.org\/{rel}","templated":true}]}}