{"id":156873,"date":"2025-11-18T20:14:08","date_gmt":"2025-11-18T20:14:08","guid":{"rendered":"https:\/\/www.europesays.com\/pt\/156873\/"},"modified":"2025-11-18T20:14:08","modified_gmt":"2025-11-18T20:14:08","slug":"boninho-convoca-participantes-para-novo-reality-raiz","status":"publish","type":"post","link":"https:\/\/www.europesays.com\/pt\/156873\/","title":{"rendered":"Boninho convoca participantes para novo &#8216;reality raiz&#8217;"},"content":{"rendered":"\n<p>Falta pouco para a abertura das inscri\u00e7\u00f5es do novo reality show comandado por Boninho, anunciado por ele em seu perfil do Instagram na \u00faltima segunda-feira, 17. Desta vez, o diretor deixou claro que a busca \u00e9 por participantes an\u00f4nimos e sem influ\u00eancia nas redes sociais.<\/p>\n<p>&#8220;Sem ex, sem celebridades. Reality raiz. Pessoas reais, gente como voc\u00ea. Inscri\u00e7\u00f5es em breve, j\u00e1 grava seu v\u00eddeo&#8221;, diz a chamada.<\/p>\n<p>Na legenda, o diretor refor\u00e7a: &#8220;Se quiser participar, j\u00e1 vai preparando seu v\u00eddeo. Conta por que devemos te escolher. E n\u00e3o se preocupe: quanto menos &#8216;influencer&#8217;, &#8216;blogueirinho&#8217; e ativo nas redes, melhor&#8221;.<\/p>\n<p>Boninho adiantou ainda que as inscri\u00e7\u00f5es ser\u00e3o limitadas. &#8220;Sem ex, sem celebridades, sem subcelebridades! Fica ligado&#8221;, destacou.<\/p>\n<p>A nova atra\u00e7\u00e3o \u00e9 A Casa do Patr\u00e3o, uma parceria entre a RECORD e Disney+. At\u00e9 agora, nenhuma das duas partes divulgou detalhes sobre o processo de inscri\u00e7\u00e3o, data de estreia ou formato do programa.<\/p>\n<p>Esse ser\u00e1 o primeiro projeto original de Boninho depois de sua sa\u00edda da Globo, no fim de 2024, durante a reestrutura\u00e7\u00e3o interna da emissora. Atualmente, ele est\u00e1 \u00e0 frente do The Voice Brasil no SBT e no Disney+, retomando um formato que marcou sua trajet\u00f3ria na TV brasileira.<\/p>\n<p><strong>&#8216;A Casa do Patr\u00e3o&#8217;<\/strong><\/p>\n<p>Em outubro, a RECORD anunciou a aquisi\u00e7\u00e3o do reality show A Casa do Patr\u00e3o, cria\u00e7\u00e3o in\u00e9dita de Boninho, que deve exibido ap\u00f3s o fim do BBB 26 na Globo. A novidade foi divulgada por Alarico Neves, superintendente comercial multiplataforma da emissora, durante um evento para anunciantes em Lisboa.<\/p>\n<p>Durante o evento, Alarico apresentou o projeto a grandes anunciantes, alguns dos quais j\u00e1 demonstraram interesse em veicular suas marcas na atra\u00e7\u00e3o. O momento foi divulgado nas redes sociais dele. &#8220;Vem a\u00ed o verdadeiro reality do Boninho: A Casa do Patr\u00e3o! Antes do lan\u00e7amento oficial, j\u00e1 temos os potenciais anunciantes com muita adequa\u00e7\u00e3o&#8221;, escreveu.<\/p>\n","protected":false},"excerpt":{"rendered":"Falta pouco para a abertura das inscri\u00e7\u00f5es do novo reality show comandado por Boninho, anunciado por ele em&hellip;\n","protected":false},"author":2,"featured_media":156874,"comment_status":"","ping_status":"","sticky":false,"template":"","format":"standard","meta":{"footnotes":""},"categories":[142],"tags":[33675,33676,33673,33674,15986,15285,1579,114,115,4734,3564,17586,33672,14831,1015,551,9917,32,4108,33,8244,2568,936,2570,151],"class_list":{"0":"post-156873","1":"post","2":"type-post","3":"status-publish","4":"format-standard","5":"has-post-thumbnail","7":"category-tv","8":"tag-a-casa-do-patrao","9":"tag-alarico-neves","10":"tag-anonimos","11":"tag-anunciantes","12":"tag-bbb-26","13":"tag-boninho","14":"tag-disney","15":"tag-entertainment","16":"tag-entretenimento","17":"tag-estreia","18":"tag-evento","19":"tag-formato","20":"tag-influencia","21":"tag-inscricoes","22":"tag-instagram","23":"tag-marcas","24":"tag-participantes","25":"tag-portugal","26":"tag-projeto","27":"tag-pt","28":"tag-reality","29":"tag-record","30":"tag-sbt","31":"tag-the-voice-brasil","32":"tag-tv"},"share_on_mastodon":{"url":"https:\/\/pubeurope.com\/@pt\/115572537164704122","error":""},"_links":{"self":[{"href":"https:\/\/www.europesays.com\/pt\/wp-json\/wp\/v2\/posts\/156873","targetHints":{"allow":["GET"]}}],"collection":[{"href":"https:\/\/www.europesays.com\/pt\/wp-json\/wp\/v2\/posts"}],"about":[{"href":"https:\/\/www.europesays.com\/pt\/wp-json\/wp\/v2\/types\/post"}],"author":[{"embeddable":true,"href":"https:\/\/www.europesays.com\/pt\/wp-json\/wp\/v2\/users\/2"}],"replies":[{"embeddable":true,"href":"https:\/\/www.europesays.com\/pt\/wp-json\/wp\/v2\/comments?post=156873"}],"version-history":[{"count":0,"href":"https:\/\/www.europesays.com\/pt\/wp-json\/wp\/v2\/posts\/156873\/revisions"}],"wp:featuredmedia":[{"embeddable":true,"href":"https:\/\/www.europesays.com\/pt\/wp-json\/wp\/v2\/media\/156874"}],"wp:attachment":[{"href":"https:\/\/www.europesays.com\/pt\/wp-json\/wp\/v2\/media?parent=156873"}],"wp:term":[{"taxonomy":"category","embeddable":true,"href":"https:\/\/www.europesays.com\/pt\/wp-json\/wp\/v2\/categories?post=156873"},{"taxonomy":"post_tag","embeddable":true,"href":"https:\/\/www.europesays.com\/pt\/wp-json\/wp\/v2\/tags?post=156873"}],"curies":[{"name":"wp","href":"https:\/\/api.w.org\/{rel}","templated":true}]}}