{"id":156876,"date":"2025-11-18T20:16:34","date_gmt":"2025-11-18T20:16:34","guid":{"rendered":"https:\/\/www.europesays.com\/pt\/156876\/"},"modified":"2025-11-18T20:16:34","modified_gmt":"2025-11-18T20:16:34","slug":"o-agente-secreto-ganha-mais-um-premio-em-festival-de-cinemas-nos-eua","status":"publish","type":"post","link":"https:\/\/www.europesays.com\/pt\/156876\/","title":{"rendered":"O Agente Secreto ganha mais um pr\u00eamio em festival de cinemas nos EUA"},"content":{"rendered":"<p dir=\"ltr\"><strong>O Agente Secreto<\/strong>, novo filme de <strong>Kleber Mendon\u00e7a Filho<\/strong>, segue sua carreira de sucesso e pr\u00eamios pelo mundo. A produ\u00e7\u00e3o estrelada por\u00a0<strong>Wagner Moura<\/strong> ganhou o pr\u00eamio da cr\u00edtica no Key West Film Festival, que acontece na Fl\u00f3rida.\u00a0<\/p>\n<p dir=\"ltr\">Selecionado pelo Brasil ao <strong>Oscar 2026<\/strong> e figurando em diversas listas de favoritos aos indicados do principal pr\u00eamio do cinema americano, O Agente Secreto j\u00e1 acumula mais de 25 vit\u00f3rias na temporada, incluindo tr\u00eas no <strong>Festival de Cannes<\/strong>, contando com a escolha da Fipresci.\u00a0<\/p>\n<p>            Continua depois da Publicidade<\/p>\n<p>    <strong>Tudo sobre\u00a0O Agente Secreto<\/strong><\/p>\n<p data-gtm-vis-first-on-screen67967661_30=\"2275\" data-gtm-vis-has-fired67967661_30=\"1\" data-gtm-vis-recent-on-screen67967661_30=\"2275\" data-gtm-vis-total-visible-time67967661_30=\"100\">Ambientado em Recife, em 1977, o longa acompanha Marcelo (Wagner Moura), um especialista em tecnologia que retorna a Recife ap\u00f3s anos fora em busca de paz, apenas para descobrir que sua cidade natal esconde perigos e segredos inquietantes.<\/p>\n<p data-gtm-vis-first-on-screen67967661_30=\"8312\" data-gtm-vis-has-fired67967661_30=\"1\" data-gtm-vis-total-visible-time67967661_30=\"100\" dir=\"ltr\">A obra tra\u00e7a um panorama da sociedade e da pol\u00edtica brasileira nos anos 70, tocando atrav\u00e9s dele em temas como repress\u00e3o pol\u00edtica, restri\u00e7\u00e3o de direitos e o uso da tecnologia como ferramenta do controle totalit\u00e1rio.<\/p>\n<p data-gtm-vis-first-on-screen67967661_30=\"2275\" data-gtm-vis-has-fired67967661_30=\"1\" data-gtm-vis-total-visible-time67967661_30=\"100\">O elenco do thriller pol\u00edtico re\u00fane ainda grandes nomes do cinema brasileiro, incluindo\u00a0<strong>Maria Fernanda C\u00e2ndido<\/strong>,\u00a0<strong>Gabriel Leone<\/strong>,\u00a0<strong>Carlos Francisco<\/strong>,\u00a0<strong>Alice Carvalho<\/strong>,<strong>\u00a0Roberto Diogenes<\/strong>,\u00a0<strong>Hermila Guedes<\/strong>, entre outros.\u00a0<strong>Udo Kier<\/strong>, de\u00a0<strong>Bacurau<\/strong>, tamb\u00e9m est\u00e1 no filme. A dire\u00e7\u00e3o \u00e9 de Kleber Mendon\u00e7a Filho, que tamb\u00e9m assina o roteiro.<\/p>\n<p data-gtm-vis-first-on-screen67967661_30=\"2275\" data-gtm-vis-has-fired67967661_30=\"1\" data-gtm-vis-total-visible-time67967661_30=\"100\">No <strong>Festival de Cannes<\/strong> deste ano,\u00a0O Agente Secreto\u00a0teve um resultado hist\u00f3rico levando para casa dois trof\u00e9us: Kleber Mendon\u00e7a Filho venceu o pr\u00eamio de Melhor Dire\u00e7\u00e3o, e Wagner Moura recebeu o pr\u00eamio de Melhor Ator. Por l\u00e1, o filme tamb\u00e9m levou a Premia\u00e7\u00e3o de Cinema de Arte e o pr\u00eamio da cr\u00edtica da FIPRESCI.<\/p>\n<p data-gtm-vis-first-on-screen67967661_30=\"2275\" data-gtm-vis-has-fired67967661_30=\"1\" data-gtm-vis-total-visible-time67967661_30=\"100\">O filme est\u00e1 em cartaz nos cinemas do Brasil,\u00a0com distribui\u00e7\u00e3o da <strong>Vitrine Filmes<\/strong>.<\/p>\n<p>            Continua depois da Publicidade<\/p>\n<p>\u00a0<\/p>\n","protected":false},"excerpt":{"rendered":"O Agente Secreto, novo filme de Kleber Mendon\u00e7a Filho, segue sua carreira de sucesso e pr\u00eamios pelo mundo.&hellip;\n","protected":false},"author":2,"featured_media":156877,"comment_status":"","ping_status":"","sticky":false,"template":"","format":"standard","meta":{"footnotes":""},"categories":[140],"tags":[114,115,147,148,146,32,33],"class_list":{"0":"post-156876","1":"post","2":"type-post","3":"status-publish","4":"format-standard","5":"has-post-thumbnail","7":"category-filmes","8":"tag-entertainment","9":"tag-entretenimento","10":"tag-film","11":"tag-filmes","12":"tag-movies","13":"tag-portugal","14":"tag-pt"},"share_on_mastodon":{"url":"https:\/\/pubeurope.com\/@pt\/115572545027352423","error":""},"_links":{"self":[{"href":"https:\/\/www.europesays.com\/pt\/wp-json\/wp\/v2\/posts\/156876","targetHints":{"allow":["GET"]}}],"collection":[{"href":"https:\/\/www.europesays.com\/pt\/wp-json\/wp\/v2\/posts"}],"about":[{"href":"https:\/\/www.europesays.com\/pt\/wp-json\/wp\/v2\/types\/post"}],"author":[{"embeddable":true,"href":"https:\/\/www.europesays.com\/pt\/wp-json\/wp\/v2\/users\/2"}],"replies":[{"embeddable":true,"href":"https:\/\/www.europesays.com\/pt\/wp-json\/wp\/v2\/comments?post=156876"}],"version-history":[{"count":0,"href":"https:\/\/www.europesays.com\/pt\/wp-json\/wp\/v2\/posts\/156876\/revisions"}],"wp:featuredmedia":[{"embeddable":true,"href":"https:\/\/www.europesays.com\/pt\/wp-json\/wp\/v2\/media\/156877"}],"wp:attachment":[{"href":"https:\/\/www.europesays.com\/pt\/wp-json\/wp\/v2\/media?parent=156876"}],"wp:term":[{"taxonomy":"category","embeddable":true,"href":"https:\/\/www.europesays.com\/pt\/wp-json\/wp\/v2\/categories?post=156876"},{"taxonomy":"post_tag","embeddable":true,"href":"https:\/\/www.europesays.com\/pt\/wp-json\/wp\/v2\/tags?post=156876"}],"curies":[{"name":"wp","href":"https:\/\/api.w.org\/{rel}","templated":true}]}}