{"id":156878,"date":"2025-11-18T20:17:24","date_gmt":"2025-11-18T20:17:24","guid":{"rendered":"https:\/\/www.europesays.com\/pt\/156878\/"},"modified":"2025-11-18T20:17:24","modified_gmt":"2025-11-18T20:17:24","slug":"joao-almeida-renova-com-a-uae-emirates","status":"publish","type":"post","link":"https:\/\/www.europesays.com\/pt\/156878\/","title":{"rendered":"Jo\u00e3o Almeida renova com a UAE Emirates"},"content":{"rendered":"<p data-remotead-prev-elm=\"true\" data-remotead-elm-id=\"inread\">&#8220;Temos o prazer de anunciar a renova\u00e7\u00e3o do contrato de Jo\u00e3o Almeida, que prolongou a sua perman\u00eancia na equipa at\u00e9 ao final de 2028&#8221;, escreveu a UAE Emirates na rede social X.<\/p>\n<p>&#8220;Vencedor de 10 corridas em 2025, Jo\u00e3o acaba de ter a melhor temporada da sua carreira at\u00e9 agora! A nossa estrela portuguesa continuar\u00e1 a liderar as nossas ambi\u00e7\u00f5es no GC em Grandes Voltas e corridas por etapas, enquanto nos preparamos para 2026 e al\u00e9m. Continue assim, Jo\u00e3o!&#8221;, acrescentaram.<\/p>\n<p>Na mais recente temporada, Jo\u00e3o Almeida esteve em grande n\u00edvel ao vencer a Volta \u00e0 Su\u00ed\u00e7a, Volta a Normandia, Volta ao Pa\u00eds Basco e garantir o segundo lugar da geral na Volta a Espanha, na qual celebrou ainda um triunfo no Angliru.<\/p>\n<blockquote class=\"twitter-tweet\">\n<p>We are delighted to announce the contract renewal of <a href=\"https:\/\/twitter.com\/JooAlmeida98?ref_src=twsrc%5Etfw\" rel=\"nofollow noopener\" target=\"_blank\">@JooAlmeida98<\/a>, who has extended his stay with the team until the end of 2028 \u270d<\/p>\n<p>A winner of 10 races in 2025, Jo\u00e3o has just enjoyed the best season of his career to date!<\/p>\n<p>Our Portuguese star will continue to spearhead&#8230; <a href=\"https:\/\/t.co\/FTByYeXqgi\" rel=\"nofollow\">pic.twitter.com\/FTByYeXqgi<\/a><\/p>\n<p>&#8211; @UAE-TeamEmirates (@TeamEmiratesUAE) <a href=\"https:\/\/twitter.com\/TeamEmiratesUAE\/status\/1990699732830740962?ref_src=twsrc%5Etfw\" rel=\"nofollow noopener\" target=\"_blank\">November 18, 2025<\/a><\/p><\/blockquote>\n<p><script async src=\"https:\/\/platform.twitter.com\/widgets.js\" charset=\"utf-8\"><\/script><\/p>\n","protected":false},"excerpt":{"rendered":"&#8220;Temos o prazer de anunciar a renova\u00e7\u00e3o do contrato de Jo\u00e3o Almeida, que prolongou a sua perman\u00eancia na&hellip;\n","protected":false},"author":2,"featured_media":156879,"comment_status":"","ping_status":"","sticky":false,"template":"","format":"standard","meta":{"footnotes":""},"categories":[87],"tags":[1342,135,10299,32,33,134,14253],"class_list":{"0":"post-156878","1":"post","2":"type-post","3":"status-publish","4":"format-standard","5":"has-post-thumbnail","7":"category-desporto","8":"tag-ciclismo","9":"tag-desporto","10":"tag-joao-almeida","11":"tag-portugal","12":"tag-pt","13":"tag-sports","14":"tag-uae-emirates"},"share_on_mastodon":{"url":"https:\/\/pubeurope.com\/@pt\/115572548742133203","error":""},"_links":{"self":[{"href":"https:\/\/www.europesays.com\/pt\/wp-json\/wp\/v2\/posts\/156878","targetHints":{"allow":["GET"]}}],"collection":[{"href":"https:\/\/www.europesays.com\/pt\/wp-json\/wp\/v2\/posts"}],"about":[{"href":"https:\/\/www.europesays.com\/pt\/wp-json\/wp\/v2\/types\/post"}],"author":[{"embeddable":true,"href":"https:\/\/www.europesays.com\/pt\/wp-json\/wp\/v2\/users\/2"}],"replies":[{"embeddable":true,"href":"https:\/\/www.europesays.com\/pt\/wp-json\/wp\/v2\/comments?post=156878"}],"version-history":[{"count":0,"href":"https:\/\/www.europesays.com\/pt\/wp-json\/wp\/v2\/posts\/156878\/revisions"}],"wp:featuredmedia":[{"embeddable":true,"href":"https:\/\/www.europesays.com\/pt\/wp-json\/wp\/v2\/media\/156879"}],"wp:attachment":[{"href":"https:\/\/www.europesays.com\/pt\/wp-json\/wp\/v2\/media?parent=156878"}],"wp:term":[{"taxonomy":"category","embeddable":true,"href":"https:\/\/www.europesays.com\/pt\/wp-json\/wp\/v2\/categories?post=156878"},{"taxonomy":"post_tag","embeddable":true,"href":"https:\/\/www.europesays.com\/pt\/wp-json\/wp\/v2\/tags?post=156878"}],"curies":[{"name":"wp","href":"https:\/\/api.w.org\/{rel}","templated":true}]}}