{"id":156880,"date":"2025-11-18T20:22:08","date_gmt":"2025-11-18T20:22:08","guid":{"rendered":"https:\/\/www.europesays.com\/pt\/156880\/"},"modified":"2025-11-18T20:22:08","modified_gmt":"2025-11-18T20:22:08","slug":"costa-confiante-que-montenegro-possa-aderir-a-ue-ja-em-2028","status":"publish","type":"post","link":"https:\/\/www.europesays.com\/pt\/156880\/","title":{"rendered":"Costa confiante que Montenegro possa aderir \u00e0 UE j\u00e1 em 2028"},"content":{"rendered":"<p>&#13;<br \/>\n&#8220;Montenegro foi o [pa\u00eds] que progrediu mais e, se assim continuarem, com a mesma intensidade, est\u00e3o no caminho para fechar as negocia\u00e7\u00f5es em 2026, e acredito que Montenegro pode ser o 28.\u00ba [Estado-membro] em 2028&#8221;, disse Ant\u00f3nio Costa, enquanto intervinha no F\u00f3rum para o Alargamento da UE, em Bruxelas.&#13;\n<\/p>\n<p>&#13;<br \/>\nO presidente do Conselho Europeu, ex-primeiro-ministro de Portugal, advertiu que \u00e9 necess\u00e1rio aproveitar o &#8220;\u00edmpeto renovado&#8221; para alargar a Uni\u00e3o Europeia, ainda mais &#8220;face \u00e0 crescente influ\u00eancia da R\u00fassia e da China&#8221;.&#13;\n<\/p>\n<p>&#13;<br \/>\nAnt\u00f3nio Costa acrescentou que tamb\u00e9m se conjugaram os elementos necess\u00e1rios para levar a cabo o alargamento da Uni\u00e3o \u00e0 Ucr\u00e2nia, Moldova e pa\u00edses dos Balc\u00e3s Ocidentais: &#8220;Est\u00e1 a ser mais r\u00e1pido do que foi nos \u00faltimos 15 anos&#8221;.&#13;\n<\/p>\n<p>&#13;<br \/>\n&#8220;\u00c9 cr\u00edtico assegurar que os cidad\u00e3os compreendem e apoiam o processo, que vai acabar por refor\u00e7ar a legitimidade e coes\u00e3o da UE como um todo&#8221;, comentou.&#13;\n<\/p>\n<p>&#13;<br \/>\nO presidente do Conselho Europeu argumentou que o &#8220;sucesso da Uni\u00e3o Europeia adveio da determina\u00e7\u00e3o pol\u00edtica corajosa dos seus predecessores&#8221; e que hoje os decisores pol\u00edticos da UE &#8220;t\u00eam de demonstrar a mesma vis\u00e3o e capacidade para decidir&#8221;.&#13;\n<\/p>\n<p>&#13;<br \/>\nA Uni\u00e3o Europeia j\u00e1 teve 28 Estados-membros, mas o Reino Unido deixou de fazer parte do bloco pol\u00edtico-econ\u00f3mico europeu em 31 de janeiro de 2020, na sequ\u00eancia de um referendo realizado em 2016.&#13;<\/p>\n","protected":false},"excerpt":{"rendered":"&#13; &#8220;Montenegro foi o [pa\u00eds] que progrediu mais e, se assim continuarem, com a mesma intensidade, est\u00e3o no&hellip;\n","protected":false},"author":2,"featured_media":156881,"comment_status":"","ping_status":"","sticky":false,"template":"","format":"standard","meta":{"footnotes":""},"categories":[50],"tags":[33677,27,28,15,16,14,25,26,21,22,9132,62,12,13,19,20,23,24,17,18,29,30,31,636,63,64,65],"class_list":{"0":"post-156880","1":"post","2":"type-post","3":"status-publish","4":"format-standard","5":"has-post-thumbnail","7":"category-mundo","8":"tag-28a-estado","9":"tag-breaking-news","10":"tag-breakingnews","11":"tag-featured-news","12":"tag-featurednews","13":"tag-headlines","14":"tag-latest-news","15":"tag-latestnews","16":"tag-main-news","17":"tag-mainnews","18":"tag-montenegro","19":"tag-mundo","20":"tag-news","21":"tag-noticias","22":"tag-noticias-principais","23":"tag-noticiasprincipais","24":"tag-principais-noticias","25":"tag-principaisnoticias","26":"tag-top-stories","27":"tag-topstories","28":"tag-ultimas","29":"tag-ultimas-noticias","30":"tag-ultimasnoticias","31":"tag-uniao-europeia","32":"tag-world","33":"tag-world-news","34":"tag-worldnews"},"share_on_mastodon":{"url":"https:\/\/pubeurope.com\/@pt\/115572568509336026","error":""},"_links":{"self":[{"href":"https:\/\/www.europesays.com\/pt\/wp-json\/wp\/v2\/posts\/156880","targetHints":{"allow":["GET"]}}],"collection":[{"href":"https:\/\/www.europesays.com\/pt\/wp-json\/wp\/v2\/posts"}],"about":[{"href":"https:\/\/www.europesays.com\/pt\/wp-json\/wp\/v2\/types\/post"}],"author":[{"embeddable":true,"href":"https:\/\/www.europesays.com\/pt\/wp-json\/wp\/v2\/users\/2"}],"replies":[{"embeddable":true,"href":"https:\/\/www.europesays.com\/pt\/wp-json\/wp\/v2\/comments?post=156880"}],"version-history":[{"count":0,"href":"https:\/\/www.europesays.com\/pt\/wp-json\/wp\/v2\/posts\/156880\/revisions"}],"wp:featuredmedia":[{"embeddable":true,"href":"https:\/\/www.europesays.com\/pt\/wp-json\/wp\/v2\/media\/156881"}],"wp:attachment":[{"href":"https:\/\/www.europesays.com\/pt\/wp-json\/wp\/v2\/media?parent=156880"}],"wp:term":[{"taxonomy":"category","embeddable":true,"href":"https:\/\/www.europesays.com\/pt\/wp-json\/wp\/v2\/categories?post=156880"},{"taxonomy":"post_tag","embeddable":true,"href":"https:\/\/www.europesays.com\/pt\/wp-json\/wp\/v2\/tags?post=156880"}],"curies":[{"name":"wp","href":"https:\/\/api.w.org\/{rel}","templated":true}]}}