{"id":156882,"date":"2025-11-18T20:23:21","date_gmt":"2025-11-18T20:23:21","guid":{"rendered":"https:\/\/www.europesays.com\/pt\/156882\/"},"modified":"2025-11-18T20:23:21","modified_gmt":"2025-11-18T20:23:21","slug":"policia-leva-homem-para-hospital-psiquiatrico-observador","status":"publish","type":"post","link":"https:\/\/www.europesays.com\/pt\/156882\/","title":{"rendered":"Pol\u00edcia leva homem para hospital psiqui\u00e1trico \u2013 Observador"},"content":{"rendered":"<p>Um homem que transportava uma ferramenta, inicialmente confundida com uma faca, foi esta ter\u00e7a-feira conduzido pela pol\u00edcia a um hospital psiqui\u00e1trico de Lisboa, suspeitando-se que estivesse \u201cpsicologicamente descompensado\u201d.<\/p>\n<p>Ao Observador, fonte da PSP confirmou que o homem, como tinha escrito o Correio da Manh\u00e3, circulava perto da reitoria da Faculdade de Letras da Universidade de Lisboa, na Cidade Universit\u00e1ria, tendo a pol\u00edcia sido alertada para a situa\u00e7\u00e3o pelas 12h05.<\/p>\n<p>Rapidamente, ao intercetar o homem, os agentes perceberam que o objeto se tratava de uma \u201cferramenta\u201d e que o homem estaria \u201ceventualmente descompensado\u201d, pelo que, segundo apurou o Observador, foi conduzido a um hospital ao abrigo da \u201clei de sa\u00fade mental\u201d, para uma \u201cverifica\u00e7\u00e3o\u201d a ser feita por psiquiatras.<\/p>\n<p>No local estava a acontecer um grande exerc\u00edcio de emerg\u00eancia com Prote\u00e7\u00e3o Civil, pol\u00edcias municipais, elementos da PSP e militares do Ex\u00e9rcito, pelo que foi poss\u00edvel acorrer \u00e0 situa\u00e7\u00e3o rapidamente.<\/p>\n","protected":false},"excerpt":{"rendered":"Um homem que transportava uma ferramenta, inicialmente confundida com uma faca, foi esta ter\u00e7a-feira conduzido pela pol\u00edcia a&hellip;\n","protected":false},"author":2,"featured_media":156883,"comment_status":"","ping_status":"","sticky":false,"template":"","format":"standard","meta":{"footnotes":""},"categories":[10],"tags":[27,28,604,15,16,14,25,26,21,22,12,13,19,20,32,23,24,33,58,17,18,29,30,31],"class_list":{"0":"post-156882","1":"post","2":"type-post","3":"status-publish","4":"format-standard","5":"has-post-thumbnail","7":"category-portugal","8":"tag-breaking-news","9":"tag-breakingnews","10":"tag-crime","11":"tag-featured-news","12":"tag-featurednews","13":"tag-headlines","14":"tag-latest-news","15":"tag-latestnews","16":"tag-main-news","17":"tag-mainnews","18":"tag-news","19":"tag-noticias","20":"tag-noticias-principais","21":"tag-noticiasprincipais","22":"tag-portugal","23":"tag-principais-noticias","24":"tag-principaisnoticias","25":"tag-pt","26":"tag-sociedade","27":"tag-top-stories","28":"tag-topstories","29":"tag-ultimas","30":"tag-ultimas-noticias","31":"tag-ultimasnoticias"},"share_on_mastodon":{"url":"https:\/\/pubeurope.com\/@pt\/115572572377772754","error":""},"_links":{"self":[{"href":"https:\/\/www.europesays.com\/pt\/wp-json\/wp\/v2\/posts\/156882","targetHints":{"allow":["GET"]}}],"collection":[{"href":"https:\/\/www.europesays.com\/pt\/wp-json\/wp\/v2\/posts"}],"about":[{"href":"https:\/\/www.europesays.com\/pt\/wp-json\/wp\/v2\/types\/post"}],"author":[{"embeddable":true,"href":"https:\/\/www.europesays.com\/pt\/wp-json\/wp\/v2\/users\/2"}],"replies":[{"embeddable":true,"href":"https:\/\/www.europesays.com\/pt\/wp-json\/wp\/v2\/comments?post=156882"}],"version-history":[{"count":0,"href":"https:\/\/www.europesays.com\/pt\/wp-json\/wp\/v2\/posts\/156882\/revisions"}],"wp:featuredmedia":[{"embeddable":true,"href":"https:\/\/www.europesays.com\/pt\/wp-json\/wp\/v2\/media\/156883"}],"wp:attachment":[{"href":"https:\/\/www.europesays.com\/pt\/wp-json\/wp\/v2\/media?parent=156882"}],"wp:term":[{"taxonomy":"category","embeddable":true,"href":"https:\/\/www.europesays.com\/pt\/wp-json\/wp\/v2\/categories?post=156882"},{"taxonomy":"post_tag","embeddable":true,"href":"https:\/\/www.europesays.com\/pt\/wp-json\/wp\/v2\/tags?post=156882"}],"curies":[{"name":"wp","href":"https:\/\/api.w.org\/{rel}","templated":true}]}}