{"id":156898,"date":"2025-11-18T20:37:42","date_gmt":"2025-11-18T20:37:42","guid":{"rendered":"https:\/\/www.europesays.com\/pt\/156898\/"},"modified":"2025-11-18T20:37:42","modified_gmt":"2025-11-18T20:37:42","slug":"pib-defice-para-onde-caminha-a-economia-portuguesa-segundo-bruxelas","status":"publish","type":"post","link":"https:\/\/www.europesays.com\/pt\/156898\/","title":{"rendered":"PIB, d\u00e9fice&#8230; Para onde caminha a economia portuguesa (segundo Bruxelas)"},"content":{"rendered":"<p>A Comiss\u00e3o Europeia atualizou, na segunda-feira, <a href=\"https:\/\/www.noticiasaominuto.com\/economia\/2889476\/bruxelas-reve-em-alta-crescimento-da-economia-portuguesa-para-1-9-este-ano\" target=\"_blank\" rel=\"noopener nofollow\">as previs\u00f5es para a economia portuguesa<\/a>, tendo revisto em alta o crescimento da economia portuguesa para 1,9% este ano. Al\u00e9m disso, prev\u00ea que Portugal registe um saldo or\u00e7amental nulo este ano e um d\u00e9fice de 0,3% do PIB em 2026.<\/p>\n<p>PIB: Quanto cresce a economia nacional?<\/p>\n<p>A economia portuguesa vai crescer 1,9% em 2025 e 2,2% em 2026, prev\u00ea a Comiss\u00e3o Europeia, revendo em alta a estimativa para este ano e mantendo a proje\u00e7\u00e3o do pr\u00f3ximo.<\/p>\n<p>Para Bruxelas, &#8220;a procura interna dever\u00e1 continuar a impulsionar o crescimento econ\u00f3mico em Portugal, apesar da incerteza no com\u00e9rcio global&#8221;, segundo se l\u00ea nas previs\u00f5es econ\u00f3micas de outono.<\/p>\n<p>Estas previs\u00f5es s\u00e3o mais pessimistas do que as do Governo, que inscreveu no Or\u00e7amento do Estado para 2026 um crescimento de 2% este ano e de 2,3% no pr\u00f3ximo.<\/p>\n<p>Para este ano, a Comiss\u00e3o Europeia reviu em alta as previs\u00f5es de maio de 1,8% para 1,9%, enquanto manteve a previs\u00e3o de 2,2% em 2026. J\u00e1 para 2027, Bruxelas estima um crescimento de 2,1%.<\/p>\n<p>                                                    <img decoding=\"async\" src=\"https:\/\/www.europesays.com\/pt\/wp-content\/uploads\/2025\/11\/45889627.jpg\" border=\"0\" alt=\"Comiss\u00e3o Europeia destaca crescimento robusto em Portugal\"\/><\/p>\n<p>O comiss\u00e1rio europeu da Economia, Valdis Dombrovskis, destacou hoje a &#8220;situa\u00e7\u00e3o or\u00e7amental bastante est\u00e1vel&#8221; de Portugal, com a cont\u00ednua redu\u00e7\u00e3o da d\u00edvida p\u00fablica, e o &#8220;crescimento econ\u00f3mico bastante robusto&#8221; este ano e no pr\u00f3ximo.<\/p>\n<p>                                                     Lusa | 14:42 &#8211; 17\/11\/2025 <\/p>\n<p>A revis\u00e3o surge ap\u00f3s a estimativa preliminar para o terceiro trimestre de 2025 ter mostrado uma expans\u00e3o de 0,8%, impulsionada pelo b\u00f3nus nas pens\u00f5es e o ajuste nas tabelas de reten\u00e7\u00e3o de IRS pago em agosto e setembro, que &#8220;estimularam a procura do consumidor&#8221;.<\/p>\n<p>&#8220;O consumo privado tamb\u00e9m beneficiou de um aumento constante no emprego e nos sal\u00e1rios, juntamente com taxas de juros mais baixas em empr\u00e9stimos para fam\u00edlias&#8221;, nota Bruxelas, acrescentando que o investimento &#8220;apresentou um forte crescimento, refletindo uma recupera\u00e7\u00e3o acentuada no setor da constru\u00e7\u00e3o civil no segundo trimestre de 2025&#8221;.<\/p>\n<p>Por outro lado, o crescimento das exporta\u00e7\u00f5es desacelerou substancialmente devido \u00e0s tens\u00f5es e incertezas do com\u00e9rcio global e o &#8220;turismo estrangeiro desacelerou ap\u00f3s v\u00e1rios anos de forte desempenho, enquanto o turismo dom\u00e9stico continuou a crescer num ritmo acelerado&#8221;, conclui.<\/p>\n<p>Para os pr\u00f3ximos anos, a Comiss\u00e3o prev\u00ea que o consumo privado continue a crescer a um ritmo constante, com o aumento do rendimento das fam\u00edlias e uma diminui\u00e7\u00e3o gradual da taxa de poupan\u00e7a.<\/p>\n<p>&#8220;Espera-se que o investimento cres\u00e7a ainda mais r\u00e1pido do que o consumo privado em 2025 e 2026, quando o uso de fundos do Plano de Recupera\u00e7\u00e3o e Resili\u00eancia atingir o seu pico&#8221;, l\u00ea-se.<\/p>\n<p>J\u00e1 as importa\u00e7\u00f5es devem continuar a crescer mais rapidamente do que as exporta\u00e7\u00f5es, &#8220;embora a diferen\u00e7a de crescimento deva diminuir a partir de 2026&#8221;, perspetiva Bruxelas.<\/p>\n<p>E o d\u00e9fice?\u00a0<\/p>\n<p>A Comiss\u00e3o Europeia justificou as previs\u00f5es mais pessimistas do que as do Governo, com saldo or\u00e7amental nulo este ano e d\u00e9fice no pr\u00f3ximo, com as suas &#8220;estimativas mais prudentes sobre o crescimento da despesa&#8221;.<\/p>\n<p>&#8220;Quanto \u00e0 situa\u00e7\u00e3o econ\u00f3mica em Portugal, esperamos um saldo or\u00e7amental nulo em Portugal este ano e um d\u00e9fice de 0,3% do PIB [Produto Interno Bruto] no pr\u00f3ximo ano. \u00c9 certo, isso difere na previs\u00e3o do Governo, de excedente de 0,3% do PIB este ano e de 0,1% do PIB no pr\u00f3ximo&#8221;, <a href=\"https:\/\/www.noticiasaominuto.com\/economia\/2889524\/bruxelas-justifica-defice-com-estimativas-mais-prudentes-sobre-despesa\" target=\"_blank\" rel=\"noopener nofollow\">disse o comiss\u00e1rio europeu da Economia, Valdis Dombrovskis<\/a>.<\/p>\n<p>Falando em confer\u00eancia de imprensa em Bruxelas no dia em que o executivo comunit\u00e1rio divulgou as proje\u00e7\u00f5es sobre o crescimento econ\u00f3mico, o respons\u00e1vel europeu pela tutela explicou que &#8220;o que leva a esta diferen\u00e7a deve-se \u00e0s estimativas mais prudentes da Comiss\u00e3o sobre o crescimento da despesa, nomeadamente a despesa corrente&#8221;.<\/p>\n<p>Ainda assim, &#8220;vale a pena salientar que a previs\u00e3o da Comiss\u00e3o para o pr\u00f3ximo ano \u00e9, ainda assim, mais otimista do que a previs\u00e3o do Conselho de Finan\u00e7as [P\u00fablicas], que prev\u00ea um d\u00e9fice no pr\u00f3ximo ano de 0,6% do PIB, e tamb\u00e9m do Banco de Portugal, que aponta para [um d\u00e9fice] de 1,3% do PIB&#8221;, assinalou Valdis Dombrovskis.<\/p>\n<p>A Comiss\u00e3o Europeia prev\u00ea que Portugal registe um saldo or\u00e7amental nulo este ano e um d\u00e9fice de 0,3% do PIB em 2026.<\/p>\n<p>ISP continua a dar que falar<\/p>\n<p>Na confer\u00eancia de imprensa, Valdis Dombrovskis aludiu aos pedidos regulares da Comiss\u00e3o Europeia para fim do desconto no Imposto sobre os Produtos Petrol\u00edferos e Energ\u00e9ticos (ISP).<\/p>\n<p>&#8220;\u00c9 certo que estamos a pedir ao Governo para retirar tais medidas de apoio \u00e0 energia, que t\u00eam vindo a ser aplicadas desde a crise energ\u00e9tica ap\u00f3s a guerra da Ucr\u00e2nia&#8221;, mas, &#8220;at\u00e9 \u00e0 data de fecho [para a recolha de informa\u00e7\u00f5es] para estas previs\u00f5es da Comiss\u00e3o, o Governo ainda n\u00e3o tinha anunciado a elimina\u00e7\u00e3o dessa medida e, por isso, continua a ser tida em conta nas previs\u00f5es&#8221;, explicou o respons\u00e1vel.<\/p>\n<p>Em causa est\u00e3o descontos sobre o ISP na gasolina e gas\u00f3leo, apoios criados em 2022 e 2023 na sequ\u00eancia da crise energ\u00e9tica relacionada com a guerra na Ucr\u00e2nia e com a elevada infla\u00e7\u00e3o.<\/p>\n<p>Na semana passada, o ministro das Finan\u00e7as, Joaquim Miranda Sarmento, disse em Bruxelas que a Comiss\u00e3o Europeia &#8220;n\u00e3o imp\u00f4s nenhuma data&#8221; que ser\u00e1 gradual.<\/p>\n<p>                                                    <img decoding=\"async\" src=\"https:\/\/www.europesays.com\/pt\/wp-content\/uploads\/2025\/11\/naom_6626be8567d64.jpg\" border=\"0\" alt=\"Fim do desconto no ISP? Bruxelas, \"\/><\/p>\n<p>O ministro das Finan\u00e7as, Joaquim Miranda Sarmento, disse hoje que a Comiss\u00e3o Europeia &#8220;n\u00e3o imp\u00f4s nenhuma data&#8221; para fim do desconto no Imposto sobre os Produtos Petrol\u00edferos e Energ\u00e9ticos (ISP), que ser\u00e1 gradual para evitar encarecer pre\u00e7os.<\/p>\n<p>                                                     Lusa | 15:53 &#8211; 13\/11\/2025 <\/p>\n<p>As previs\u00f5es de outono do executivo comunit\u00e1rio baseiam-se num conjunto de pressupostos t\u00e9cnicos sobre taxas de c\u00e2mbio, taxas de juro e pre\u00e7os das mat\u00e9rias-primas, com data de fecho a 27 de outubro.<\/p>\n<p>Para todos os restantes dados, incluindo pressupostos sobre pol\u00edticas governamentais, as proje\u00e7\u00f5es t\u00eam em conta informa\u00e7\u00f5es dispon\u00edveis at\u00e9 31 de outubro.<\/p>\n<p>Ap\u00f3s as cr\u00edticas de Bruxelas, desde 2023, o Governo vai come\u00e7ar agora a retirar de forma gradual o benef\u00edcio relativo ao ISP, foi anunciado aquando da divulga\u00e7\u00e3o do Or\u00e7amento do Estado para 2026.<\/p>\n<p>Este exerc\u00edcio surge devido \u00e0s recomenda\u00e7\u00f5es da Comiss\u00e3o Europeia para uma redu\u00e7\u00e3o destes descontos, por serem medidas de car\u00e1ter excecional que visaram suavizar o impacto do aumento dos pre\u00e7os dos combust\u00edveis.<\/p>\n<p>Leia Tamb\u00e9m: <a href=\"https:\/\/www.noticiasaominuto.com\/economia\/2889659\/bruxelas-pede-uso-total-do-prr-motor-que-vale-3-do-pib\" target=\"_blank\" rel=\"noopener noreferrer nofollow\">Bruxelas pede uso total do PRR, &#8220;motor&#8221; que vale 3% do PIB<\/a><\/p>\n","protected":false},"excerpt":{"rendered":"A Comiss\u00e3o Europeia atualizou, na segunda-feira, as previs\u00f5es para a economia portuguesa, tendo revisto em alta o crescimento&hellip;\n","protected":false},"author":2,"featured_media":156899,"comment_status":"","ping_status":"","sticky":false,"template":"","format":"standard","meta":{"footnotes":""},"categories":[83],"tags":[88,89,90,32,33],"class_list":{"0":"post-156898","1":"post","2":"type-post","3":"status-publish","4":"format-standard","5":"has-post-thumbnail","7":"category-empresas","8":"tag-business","9":"tag-economy","10":"tag-empresas","11":"tag-portugal","12":"tag-pt"},"share_on_mastodon":{"url":"https:\/\/pubeurope.com\/@pt\/115572627863255281","error":""},"_links":{"self":[{"href":"https:\/\/www.europesays.com\/pt\/wp-json\/wp\/v2\/posts\/156898","targetHints":{"allow":["GET"]}}],"collection":[{"href":"https:\/\/www.europesays.com\/pt\/wp-json\/wp\/v2\/posts"}],"about":[{"href":"https:\/\/www.europesays.com\/pt\/wp-json\/wp\/v2\/types\/post"}],"author":[{"embeddable":true,"href":"https:\/\/www.europesays.com\/pt\/wp-json\/wp\/v2\/users\/2"}],"replies":[{"embeddable":true,"href":"https:\/\/www.europesays.com\/pt\/wp-json\/wp\/v2\/comments?post=156898"}],"version-history":[{"count":0,"href":"https:\/\/www.europesays.com\/pt\/wp-json\/wp\/v2\/posts\/156898\/revisions"}],"wp:featuredmedia":[{"embeddable":true,"href":"https:\/\/www.europesays.com\/pt\/wp-json\/wp\/v2\/media\/156899"}],"wp:attachment":[{"href":"https:\/\/www.europesays.com\/pt\/wp-json\/wp\/v2\/media?parent=156898"}],"wp:term":[{"taxonomy":"category","embeddable":true,"href":"https:\/\/www.europesays.com\/pt\/wp-json\/wp\/v2\/categories?post=156898"},{"taxonomy":"post_tag","embeddable":true,"href":"https:\/\/www.europesays.com\/pt\/wp-json\/wp\/v2\/tags?post=156898"}],"curies":[{"name":"wp","href":"https:\/\/api.w.org\/{rel}","templated":true}]}}