{"id":156900,"date":"2025-11-18T20:38:08","date_gmt":"2025-11-18T20:38:08","guid":{"rendered":"https:\/\/www.europesays.com\/pt\/156900\/"},"modified":"2025-11-18T20:38:08","modified_gmt":"2025-11-18T20:38:08","slug":"o-que-se-sabe-sobre-os-snipers-estrangeiros-em-sarajevo-e-as-acusacoes-de-safari-de-guerra-sic-noticias","status":"publish","type":"post","link":"https:\/\/www.europesays.com\/pt\/156900\/","title":{"rendered":"O que se sabe sobre os &#039;snipers&#039; estrangeiros em Sarajevo e as acusa\u00e7\u00f5es de &quot;safari de guerra&quot; &#8211; SIC Not\u00edcias"},"content":{"rendered":"<ol>\n<li><a href=\"https:\/\/news.google.com\/rss\/articles\/CBMi-AFBVV95cUxOOVdjV3NneUlpSFBMd2ZxdlYxLVVTVXRoRERKVVEwdDV6QnZDYlY2RDRidkhNc1dieURDWEJfMmFiSGJvT1RYYWFXRXQ0SlRHWHhuN1hKaFZhcHUtY2c1eUxuYjZleVBBbkxjNmFkd19LVUVuWTM3b0RpU3llalc5UjFyZm5RZUdpMUFUM01oYmswZmtZcEJ0VElrNU5hcTREdDZKcTgyV3llaTFMenpKUzhsSXFTUEhfUGY1WnhpVVAwbXI3WFlTWmpBcEotQ3Z1NUpOaEVfNDgzOGVyVTg2V2FBWGk5cV9zNGlDbEoySXN1a0VjZkhYeg?oc=5\" target=\"_blank\" rel=\"nofollow noopener\">O que se sabe sobre os &#8216;snipers&#8217; estrangeiros em Sarajevo e as acusa\u00e7\u00f5es de &#8220;safari de guerra&#8221;<\/a>&nbsp;&nbsp;SIC Not\u00edcias<\/li>\n<li><a href=\"https:\/\/news.google.com\/rss\/articles\/CBMimAJBVV95cUxNaHRJVEY0amh1VVhQUWc5a0wyMDM0S3lldmhjV2JMRUJoVnNyVENHQXZ4Z2tlRlRsLUhsY0RMM3FwdWJCY3pHV3RIMGJSTEpXNEpCRUg2UGwzM3lpVDJNYlJHdzJrUjlfU25OczBGVThDbnN2YnZQb3Y2TGhxRG1wYW9CbmcxaFU4d2F2SzJLdDlOS3ZXb25jNjFlRG1SX3FjRkFUUUdScmg3UmdIVFFISzJyLTZrUGJOVlVGTE52MVpTTzdORmlrYVlIeHZsa3pqVjBtWFdReWsyZVNwX2d5Ukk2djEyMTZtQm5LR29GcFF2bHlsdUY3MXhlSmFjVEpVVjhaMGZZOXJVVUxLLXQybElQVDRRVE9O?oc=5\" target=\"_blank\" rel=\"nofollow noopener\">&#8216;Saf\u00e1ri humano&#8217;: It\u00e1lia investiga turistas de luxo que voavam aos finais de semana para atirar por divers\u00e3o em civis<\/a>&nbsp;&nbsp;Terra<\/li>\n<li><a href=\"https:\/\/news.google.com\/rss\/articles\/CBMi2AFBVV95cUxOaFF5ejhKSFhtWlhKQWEzUGQxZDBzT3c3LUVERmxHX3lORjBjaW5sQWJrNDdhM2dkLWdXM3FQLW50Y2NSLUU4QVdjLTFvY085Z3ZVdDF1M0RyZ3N3WEc3aDdwUGNsZEh1d2lOblhsV3pJN2pUUkUwLUpWd3pFazFvYnA4ZDBEYm12Nk0yMmFWQ1d1SFZ3dE5UbFg1bzhfZXROR2xncE5LX2otcFdqQVREXzZKOHI5a0pmNEJuaERUT000S1IwZTE1OXJwa1hEbFVNZTdZT202TTLSAecBQVVfeXFMTlYwU1hDb0g2aC1NcWs0eHl1WUhYd1VDM1N6VDZsQUw1N2U3MFdzelZRRnllbG0tY1dhc2pTamNlVnQ2bGh0N2NuemxJc2E1UElGOU9tNl9XdHFJd2tGenhUMDRHbjJGMUhWYTZOOVpoN3RMTk0yQmZUNkpGcVhJMHNyalJ0WVpLblJrUE5PTHhsZW42dnIxU3V1cmRCWlUzNGtrX2pSbnJDcHl1QU1LUzZ1UDY0VUdLb3NSWG91U2kxY3l5VzRpNzFDUHpkN2lla2FIcmI4Tkk5M2dFQVZZVjBIZ1lXcmo0?oc=5\" target=\"_blank\" rel=\"nofollow noopener\">A verdade sobre o \u2018saf\u00e1ri humano\u2019: testemunhas relembram horror vivido em Sarajevo<\/a>&nbsp;&nbsp;O Globo<\/li>\n<li><a href=\"https:\/\/news.google.com\/rss\/articles\/CBMipgFBVV95cUxOTTFvVzVSNkJNSThTQjJJTjZMektkdEpsV3FRQXFGdmcwOW03dldzYXo3UjRIYWJjaXVOdThrLXlQRjdLcjhXYzg1Y2dnZE9xZHc1c3MycGZldUtTcmpUR0J1eDktVFFMMDJHSG0tSjhaUl9Vdk9IcVlZbWVfLVFRNHBvMWFNeUZsMEVNclltYmtFZDVQU19Bd2UzZ21Jdi01UDJtTHFn?oc=5\" target=\"_blank\" rel=\"nofollow noopener\">O que era a &#8216;alameda dos snipers&#8217;, alvo do saf\u00e1ri humano em Sarajevo<\/a>&nbsp;&nbsp;UOL Not\u00edcias<\/li>\n<li><a href=\"https:\/\/news.google.com\/rss\/articles\/CBMisgFBVV95cUxPUXVTUlN6a25mQW5YclcxVllJN1FEYzA3SEZBbEt2UlpfWS05Vy1uRllLeWpWdXBmcExpY1dhcUl3QmxWb3NhWkJ3NnNRd2xtX0R4M0NHMmZydmh6RWVHWGRRWGNMS1plRlpmR0xEZmlyWk14c0h3QVNxYkx0eFV5VjRqdlJ6SHIxSnlLWjRTekp5elctQnFFQkpEaHRiLXM3MG1Gd0psOUpBVXozd1ZCR1h30gG2AUFVX3lxTE1mYkhQN0lHdDJFdG5PYXQzNHl2Qk82Ny1XcTJfSkw5U3JYbkRpNGI0Vk9aRjBkbGY0OEV6UDhacmZwUi1IOElxX3RHXzZMMzUxZVRNN0tuYTJnN20tcW1uMmt6bk4xcTdweE9pSTY4anZtQVNjcUxyX0FpYjE3NE1zWDdRZVpLQVVxdkVWTHlnT0t4aW03OWxOQ0t0LWR3d214NFUxYkY2RXNwd25qMFdsZjJ6WXhR?oc=5\" target=\"_blank\" rel=\"nofollow noopener\">O que se sabe sobre as den\u00fancias de saf\u00e1ri para franco-atiradores em Sarajevo<\/a>&nbsp;&nbsp;Folha PE<\/li>\n<\/ol>\n","protected":false},"excerpt":{"rendered":"O que se sabe sobre os &#8216;snipers&#8217; estrangeiros em Sarajevo e as acusa\u00e7\u00f5es de &#8220;safari de guerra&#8221;&nbsp;&nbsp;SIC Not\u00edcias&hellip;\n","protected":false},"author":2,"featured_media":156794,"comment_status":"","ping_status":"","sticky":false,"template":"","format":"standard","meta":{"footnotes":""},"categories":[50],"tags":[27,28,15,16,14,25,26,21,22,62,12,13,19,20,23,24,17,18,29,30,31,63,64,65],"class_list":{"0":"post-156900","1":"post","2":"type-post","3":"status-publish","4":"format-standard","5":"has-post-thumbnail","7":"category-mundo","8":"tag-breaking-news","9":"tag-breakingnews","10":"tag-featured-news","11":"tag-featurednews","12":"tag-headlines","13":"tag-latest-news","14":"tag-latestnews","15":"tag-main-news","16":"tag-mainnews","17":"tag-mundo","18":"tag-news","19":"tag-noticias","20":"tag-noticias-principais","21":"tag-noticiasprincipais","22":"tag-principais-noticias","23":"tag-principaisnoticias","24":"tag-top-stories","25":"tag-topstories","26":"tag-ultimas","27":"tag-ultimas-noticias","28":"tag-ultimasnoticias","29":"tag-world","30":"tag-world-news","31":"tag-worldnews"},"share_on_mastodon":{"url":"https:\/\/pubeurope.com\/@pt\/115572631722234200","error":""},"_links":{"self":[{"href":"https:\/\/www.europesays.com\/pt\/wp-json\/wp\/v2\/posts\/156900","targetHints":{"allow":["GET"]}}],"collection":[{"href":"https:\/\/www.europesays.com\/pt\/wp-json\/wp\/v2\/posts"}],"about":[{"href":"https:\/\/www.europesays.com\/pt\/wp-json\/wp\/v2\/types\/post"}],"author":[{"embeddable":true,"href":"https:\/\/www.europesays.com\/pt\/wp-json\/wp\/v2\/users\/2"}],"replies":[{"embeddable":true,"href":"https:\/\/www.europesays.com\/pt\/wp-json\/wp\/v2\/comments?post=156900"}],"version-history":[{"count":0,"href":"https:\/\/www.europesays.com\/pt\/wp-json\/wp\/v2\/posts\/156900\/revisions"}],"wp:featuredmedia":[{"embeddable":true,"href":"https:\/\/www.europesays.com\/pt\/wp-json\/wp\/v2\/media\/156794"}],"wp:attachment":[{"href":"https:\/\/www.europesays.com\/pt\/wp-json\/wp\/v2\/media?parent=156900"}],"wp:term":[{"taxonomy":"category","embeddable":true,"href":"https:\/\/www.europesays.com\/pt\/wp-json\/wp\/v2\/categories?post=156900"},{"taxonomy":"post_tag","embeddable":true,"href":"https:\/\/www.europesays.com\/pt\/wp-json\/wp\/v2\/tags?post=156900"}],"curies":[{"name":"wp","href":"https:\/\/api.w.org\/{rel}","templated":true}]}}